{"id":26757,"date":"2019-08-01T14:29:33","date_gmt":"2019-08-01T19:29:33","guid":{"rendered":"http:\/\/www.inter-accion.com.mx\/?p=26757"},"modified":"2019-08-01T14:29:33","modified_gmt":"2019-08-01T19:29:33","slug":"astudillo-grupo-externo-genera-violencia-en-la-sierra","status":"publish","type":"post","link":"https:\/\/www.interaccionnoticias.com.mx\/?p=26757","title":{"rendered":"Astudillo: Grupo externo genera violencia en la Sierra"},"content":{"rendered":"<p><strong>No hay ataques a ciudadanos comunes, aclara el gobernador <\/strong><br \/>\nEl gobernador H\u00e9ctor Astudillo Flores confirm\u00f3 que la presencia de un grupo delictivo externo a Guerrero gener\u00f3 enfrentamientos en varias comunidades de la Sierra, pero se reserv\u00f3 el derecho de manejar los nombres de los protagonistas de la confrontaci\u00f3n.<br \/>\nEn el mercado Baltazar R. Leyva Mancilla, el jefe del Ejecutivo local confirm\u00f3 que la ma\u00f1ana del jueves, parte importante de la reuni\u00f3n que sostuvo la Coordinaci\u00f3n para la Construcci\u00f3n de la Paz se dedic\u00f3 a revisar lo sucedido en la Sierra de Leonardo Bravo durante los \u00faltimos d\u00edas.<br \/>\nIndic\u00f3 que para la ma\u00f1ana del jueves, la zona de conflicto ya estaba en paz, pero adem\u00e1s hizo hincapi\u00e9 en el hecho de que no se hab\u00edan generado agresiones contra ciudadanos comunes.<br \/>\n\u201cLo que sucedi\u00f3 fue un choque entre dos grupos que est\u00e1n en la Sierra; como en Corral de Piedra, Villa Xochilt y Naranjo\u201d, se\u00f1alo el mandatario estatal.<br \/>\nIndic\u00f3 que el Ej\u00e9rcito subi\u00f3 a la zona por dos rutas, una de ellas la que llega por Atoyac de Alvarez, en la Costa Grande de la entidad.<br \/>\nTambi\u00e9n indic\u00f3 que existe informaci\u00f3n en el sentido de que en el conflicto participan personas que no son del estado de Guerrero, pero no se anim\u00f3 a se\u00f1alar nombres o alg\u00fan apodo.<br \/>\nRespecto a las publicaciones de diferentes medios de comunicaci\u00f3n, en el sentido de que uno de los grupos confrontados est\u00e1 liderado por Ignacio Mazari Hern\u00e1ndez, alias \u201cEl Carrete\u201d, el gobernador se\u00f1al\u00f3 que la informaci\u00f3n que tiene es casi la misma en poder de los medios de comunicaci\u00f3n, por lo que aclar\u00f3: \u201cyo debo ser prudente\u201d.<\/p>\n","protected":false},"excerpt":{"rendered":"<p>No hay ataques a ciudadanos comunes, aclara el gobernador El gobernador H\u00e9ctor Astudillo Flores confirm\u00f3 que la presencia de un grupo delictivo externo a Guerrero gener\u00f3 enfrentamientos en varias comunidades&hellip; <\/p>\n","protected":false},"author":1,"featured_media":0,"comment_status":"closed","ping_status":"closed","sticky":false,"template":"","format":"standard","meta":{"fifu_image_url":"","fifu_image_alt":"","footnotes":""},"categories":[8,11],"tags":[],"class_list":["post-26757","post","type-post","status-publish","format-standard","hentry","category-featured","category-guerrero"],"_links":{"self":[{"href":"https:\/\/www.interaccionnoticias.com.mx\/index.php?rest_route=\/wp\/v2\/posts\/26757","targetHints":{"allow":["GET"]}}],"collection":[{"href":"https:\/\/www.interaccionnoticias.com.mx\/index.php?rest_route=\/wp\/v2\/posts"}],"about":[{"href":"https:\/\/www.interaccionnoticias.com.mx\/index.php?rest_route=\/wp\/v2\/types\/post"}],"author":[{"embeddable":true,"href":"https:\/\/www.interaccionnoticias.com.mx\/index.php?rest_route=\/wp\/v2\/users\/1"}],"replies":[{"embeddable":true,"href":"https:\/\/www.interaccionnoticias.com.mx\/index.php?rest_route=%2Fwp%2Fv2%2Fcomments&post=26757"}],"version-history":[{"count":0,"href":"https:\/\/www.interaccionnoticias.com.mx\/index.php?rest_route=\/wp\/v2\/posts\/26757\/revisions"}],"wp:attachment":[{"href":"https:\/\/www.interaccionnoticias.com.mx\/index.php?rest_route=%2Fwp%2Fv2%2Fmedia&parent=26757"}],"wp:term":[{"taxonomy":"category","embeddable":true,"href":"https:\/\/www.interaccionnoticias.com.mx\/index.php?rest_route=%2Fwp%2Fv2%2Fcategories&post=26757"},{"taxonomy":"post_tag","embeddable":true,"href":"https:\/\/www.interaccionnoticias.com.mx\/index.php?rest_route=%2Fwp%2Fv2%2Ftags&post=26757"}],"curies":[{"name":"wp","href":"https:\/\/api.w.org\/{rel}","templated":true}]}}