{"id":26754,"date":"2019-07-31T23:02:41","date_gmt":"2019-08-01T04:02:41","guid":{"rendered":"http:\/\/www.inter-accion.com.mx\/?p=26754"},"modified":"2019-07-31T23:02:41","modified_gmt":"2019-08-01T04:02:41","slug":"comunitarios-de-tlacotepec-esperan-una-prueba-de-que-el-teniente-esta-muerto","status":"publish","type":"post","link":"https:\/\/www.interaccionnoticias.com.mx\/?p=26754","title":{"rendered":"Comunitarios de Tlacotepec esperan una prueba de que \u201cEl Teniente\u201d est\u00e1 muerto"},"content":{"rendered":"<p><strong>Confirman disputa a balazos con \u201cEl Carrete\u201d, quien trasciende que se encuentra herido<\/strong><br \/>\nEl Frente Unido de Polic\u00edas Comunitarias del Estado de Guerrero (FUPCEG) confirm\u00f3 la expulsi\u00f3n de Santiago Mazari Hern\u00e1ndez \u201cEl Carrete\u201d de la comunidad de Corral de Piedra, municipio de Leonardo Bravo, donde permanec\u00eda atrincherado, tambi\u00e9n esperan la obtenci\u00f3n de pruebas que les permitan confirmar la muerte de Juan Castillo G\u00f3mez, alias \u201cEl teniente\u201d.<br \/>\nLa jornada del martes 30 de julio, la Polic\u00eda Comunitaria de Tlacotepec (PCT), incorporada al FUPCEG confirm\u00f3 un enfrentamiento de varias horas que inici\u00f3 en la comunidad de Corral de Piedra, donde supuestamente operaba Santiago Mazari, junto con Castillo G\u00f3mez.<br \/>\nEl mismo martes se gener\u00f3 la versi\u00f3n de que Juan Castillo, alias \u201cEl Teniente\u201d hab\u00eda sido abatido durante la confrontaci\u00f3n armada, sin embargo hasta la noche del mi\u00e9rcoles 31, la versi\u00f3n no estaba confirmada.<br \/>\n\u201cNos lo han dicho de palabra, pero no tenemos ninguna prueba que nos confirme que efectivamente, el Teniente est\u00e9 muerto\u201d, dijo uno de los dirigentes del FUPCEG, quien solicit\u00f3 mantener su identidad bajo reserva.<br \/>\nTambi\u00e9n se gener\u00f3 la versi\u00f3n de que \u201cEl Carrete\u201d estaba herido y que se hab\u00eda replegado hacia Polixtepec, comunidad ubicada aproximadamente a 20 minutos de Filo de Caballos, donde el FUPCEG se mantiene concentrado desde noviembre de 2018.<br \/>\nEste mi\u00e9rcoles, personal de la Guardia Nacional (GN) y de la Polic\u00eda del Estado llegaron a la comunidad de Corral de Piedra, para evitar m\u00e1s enfrentamientos y resguardar a la poblaci\u00f3n civil, que v\u00eda redes sociales pidi\u00f3 el respaldo de las autoridades estatales y federales.<br \/>\nRoberto \u00c1lvarez Heredia, vocero en seguridad del Gobierno de Guerrero confirm\u00f3 el despliegue de personal de la GN y la Polic\u00eda del Estado hacia la zona de la confrontaci\u00f3n, donde la poblaci\u00f3n civil confirm\u00f3 las balaceras.<br \/>\n\u00c1lvarez Heredia manifest\u00f3 que adem\u00e1s del resguardo de la poblaci\u00f3n, los cuerpos de seguridad realizaban un operativo encaminado a detener a los responsables de la violencia.<br \/>\nEl funcionario confirm\u00f3 la participaci\u00f3n en los enfrentamientos de grupos de civiles armados externos al estado de Guerrero.<br \/>\nV\u00eda comunicado, el FUPCEG se\u00f1al\u00f3 que hac\u00eda tres meses que se report\u00f3 la llegada de \u201cEl Carrete\u201d a la zona y junto con \u00e9l una cantidad importante de pistoleros, los que se instalaron en Corral de Piedra, Polixtepec, Villa X\u00f3chitl, El Encanto y Tecomazuchil, raz\u00f3n por la que el frente comenz\u00f3 a realizar algunos monitoreos para confirmarlo.<br \/>\nLos enfrentamientos comenzaron durante el fin de semana pasado, pero se recrudecieron la jornada del martes en Corral de Piedra, de donde se desplaz\u00f3 uno de los principales generadores de violencia en el estado de Morelos.<\/p>\n","protected":false},"excerpt":{"rendered":"<p>Confirman disputa a balazos con \u201cEl Carrete\u201d, quien trasciende que se encuentra herido El Frente Unido de Polic\u00edas Comunitarias del Estado de Guerrero (FUPCEG) confirm\u00f3 la expulsi\u00f3n de Santiago Mazari&hellip; <\/p>\n","protected":false},"author":1,"featured_media":0,"comment_status":"closed","ping_status":"closed","sticky":false,"template":"","format":"standard","meta":{"fifu_image_url":"","fifu_image_alt":"","footnotes":""},"categories":[8,27],"tags":[],"class_list":["post-26754","post","type-post","status-publish","format-standard","hentry","category-featured","category-seguridad-publica"],"_links":{"self":[{"href":"https:\/\/www.interaccionnoticias.com.mx\/index.php?rest_route=\/wp\/v2\/posts\/26754","targetHints":{"allow":["GET"]}}],"collection":[{"href":"https:\/\/www.interaccionnoticias.com.mx\/index.php?rest_route=\/wp\/v2\/posts"}],"about":[{"href":"https:\/\/www.interaccionnoticias.com.mx\/index.php?rest_route=\/wp\/v2\/types\/post"}],"author":[{"embeddable":true,"href":"https:\/\/www.interaccionnoticias.com.mx\/index.php?rest_route=\/wp\/v2\/users\/1"}],"replies":[{"embeddable":true,"href":"https:\/\/www.interaccionnoticias.com.mx\/index.php?rest_route=%2Fwp%2Fv2%2Fcomments&post=26754"}],"version-history":[{"count":0,"href":"https:\/\/www.interaccionnoticias.com.mx\/index.php?rest_route=\/wp\/v2\/posts\/26754\/revisions"}],"wp:attachment":[{"href":"https:\/\/www.interaccionnoticias.com.mx\/index.php?rest_route=%2Fwp%2Fv2%2Fmedia&parent=26754"}],"wp:term":[{"taxonomy":"category","embeddable":true,"href":"https:\/\/www.interaccionnoticias.com.mx\/index.php?rest_route=%2Fwp%2Fv2%2Fcategories&post=26754"},{"taxonomy":"post_tag","embeddable":true,"href":"https:\/\/www.interaccionnoticias.com.mx\/index.php?rest_route=%2Fwp%2Fv2%2Ftags&post=26754"}],"curies":[{"name":"wp","href":"https:\/\/api.w.org\/{rel}","templated":true}]}}