{"id":26751,"date":"2019-07-31T20:51:36","date_gmt":"2019-08-01T01:51:36","guid":{"rendered":"http:\/\/www.inter-accion.com.mx\/?p=26751"},"modified":"2019-07-31T20:51:36","modified_gmt":"2019-08-01T01:51:36","slug":"diputado-de-morena-rechaza-tambien-la-ley-garrote","status":"publish","type":"post","link":"https:\/\/www.interaccionnoticias.com.mx\/?p=26751","title":{"rendered":"Diputado de Morena rechaza tambi\u00e9n la \u201cLey Garrote\u201d"},"content":{"rendered":"<p><strong>Por congruencia, las fuerzas de izquierda no la deben apoyar, sostiene Servando de Jes\u00fas Salgado <\/strong><br \/>\nEl presidente de la Comisi\u00f3n de Transportes del Congreso local, Servando de Jes\u00fas Salgado Guzm\u00e1n manifest\u00f3 su rechazo a la denominada \u201cLey Garrote\u201d, aprobada en el estado de Tabasco.<br \/>\nSalgado Guzm\u00e1n, integrante de la fracci\u00f3n parlamentaria del Movimiento de Regeneraci\u00f3n Nacional (Morena), manifest\u00f3 que respalda la mayor\u00eda de los planteamientos del presidente de la Rep\u00fablica, Andr\u00e9s Manuel L\u00f3pez Obrador, pero indic\u00f3 que existen dos que por congruencia no puede respaldar.<br \/>\nLa primera tiene que ver con la reforma constitucional aprobada en el estado de Tabasco, que implica sancionar con c\u00e1rcel a las persas que realicen acciones como el bloqueo de carreteras.<br \/>\n\u201cEsa es una reforma represiva, que nos hace regresar a los a\u00f1os en que la sociedad no ten\u00eda derecho a la manifestaci\u00f3n\u201d, se\u00f1al\u00f3 el presidente de la Comisi\u00f3n legislativa de Transportes.<br \/>\n\u201cPor lo que soy, por el trabajo pol\u00edtico que he realizado, yo ser\u00eda un incongruente si aprobara una legislaci\u00f3n en ese sentido\u201d, apunt\u00f3.<br \/>\nOtra propuesta en la que dijo que no est\u00e1 de acuerdo, es en lo relacionado con quitar el fuero constitucional a los diputados locales, porque eso les quita cualquier garant\u00eda de respaldar causas justas sin el riesgo de terminar en prisi\u00f3n o perseguido.<br \/>\nAnticip\u00f3 que hay asuntos que \u00e9l ha impulsado, como la regionalizaci\u00f3n de la Sierra, en lo que ha insistido a trav\u00e9s de foros y diferentes espacios en los que ha planteado la necesidad de generar desarrollo en esa parte de la entidad.<br \/>\nHasta el momento no se le ha hecho caso, por esa raz\u00f3n anticip\u00f3: \u201cSi los compa\u00f1eros de la Sierra se quieren manifestar yo estar\u00e9 para apoyarlos, pero sin el apoyo del fuero me van a meter a la c\u00e1rcel\u201d.<br \/>\nPor esa raz\u00f3n, indic\u00f3 que en esos dos puntos concretos de la agenda del presidente de la Rep\u00fablica, no estar\u00eda en la ruta de respaldarlo por una cuesti\u00f3n de congruencia.<\/p>\n","protected":false},"excerpt":{"rendered":"<p>Por congruencia, las fuerzas de izquierda no la deben apoyar, sostiene Servando de Jes\u00fas Salgado El presidente de la Comisi\u00f3n de Transportes del Congreso local, Servando de Jes\u00fas Salgado Guzm\u00e1n&hellip; <\/p>\n","protected":false},"author":1,"featured_media":0,"comment_status":"closed","ping_status":"closed","sticky":false,"template":"","format":"standard","meta":{"fifu_image_url":"","fifu_image_alt":"","footnotes":""},"categories":[2,8],"tags":[],"class_list":["post-26751","post","type-post","status-publish","format-standard","hentry","category-congreso","category-featured"],"_links":{"self":[{"href":"https:\/\/www.interaccionnoticias.com.mx\/index.php?rest_route=\/wp\/v2\/posts\/26751","targetHints":{"allow":["GET"]}}],"collection":[{"href":"https:\/\/www.interaccionnoticias.com.mx\/index.php?rest_route=\/wp\/v2\/posts"}],"about":[{"href":"https:\/\/www.interaccionnoticias.com.mx\/index.php?rest_route=\/wp\/v2\/types\/post"}],"author":[{"embeddable":true,"href":"https:\/\/www.interaccionnoticias.com.mx\/index.php?rest_route=\/wp\/v2\/users\/1"}],"replies":[{"embeddable":true,"href":"https:\/\/www.interaccionnoticias.com.mx\/index.php?rest_route=%2Fwp%2Fv2%2Fcomments&post=26751"}],"version-history":[{"count":0,"href":"https:\/\/www.interaccionnoticias.com.mx\/index.php?rest_route=\/wp\/v2\/posts\/26751\/revisions"}],"wp:attachment":[{"href":"https:\/\/www.interaccionnoticias.com.mx\/index.php?rest_route=%2Fwp%2Fv2%2Fmedia&parent=26751"}],"wp:term":[{"taxonomy":"category","embeddable":true,"href":"https:\/\/www.interaccionnoticias.com.mx\/index.php?rest_route=%2Fwp%2Fv2%2Fcategories&post=26751"},{"taxonomy":"post_tag","embeddable":true,"href":"https:\/\/www.interaccionnoticias.com.mx\/index.php?rest_route=%2Fwp%2Fv2%2Ftags&post=26751"}],"curies":[{"name":"wp","href":"https:\/\/api.w.org\/{rel}","templated":true}]}}