{"id":26745,"date":"2019-07-31T20:09:38","date_gmt":"2019-08-01T01:09:38","guid":{"rendered":"http:\/\/www.inter-accion.com.mx\/?p=26745"},"modified":"2019-07-31T20:09:38","modified_gmt":"2019-08-01T01:09:38","slug":"un-muerto-y-dos-detenidos-saldo-de-enfrentamiento-en-acapulco","status":"publish","type":"post","link":"https:\/\/www.interaccionnoticias.com.mx\/?p=26745","title":{"rendered":"Un muerto y dos detenidos, saldo de enfrentamiento en Acapulco"},"content":{"rendered":"<p><strong>Acapulco, Gro.-<\/strong> Dos detenidos y un hombre muerto, fue el saldo que dej\u00f3 un enfrentamiento en la zona urbana de Acapulco, entre civiles armados y efectivos de fuerzas estatales y federales.<br \/>\nEn el operativo participaron Polic\u00edas Ministeriales, Estatales y elementos de SEMAR y SEDENA, los cuales fueron agredidos con disparos de arma de fuego por civiles armados, en un enfrentamiento en la colonia La Mira en Acapulco.<br \/>\nLas primeras investigaciones, indican que los civiles armados accionaron sus armas de fuego contra los agentes policiales, y al responder la agresi\u00f3n, los uniformados lograron la detenci\u00f3n de dos hombres y una m\u00e1s privada de la vida.<br \/>\nAl lugar de los hechos acudieron peritos de la Fiscal\u00eda Regional de Acapulco, para realizar las diligencias y fueron localizados tres casquillos percutidos calibre 9 mil\u00edmetros, un casquillo .223.<br \/>\nSe inform\u00f3 que ah\u00ed mismo fue asegurada un arma calibre nueve con la cual agredieron a los uniformados y dos chalecos t\u00e1cticos antibalas; la zona fue acordonada y el Servicio M\u00e9dico Forense (SEMEFO) realiz\u00f3 el levantamiento cadav\u00e9rico.<br \/>\nLa Fiscalia guerrerense, en coordinaci\u00f3n con autoridades de seguridad continuar\u00e1n trabajando de manera conjunta para seguir disminuyendo la incidencia delictiva y ofrecer resultados en materia de procuraci\u00f3n de justicia.<\/p>\n","protected":false},"excerpt":{"rendered":"<p>Acapulco, Gro.- Dos detenidos y un hombre muerto, fue el saldo que dej\u00f3 un enfrentamiento en la zona urbana de Acapulco, entre civiles armados y efectivos de fuerzas estatales y&hellip; <\/p>\n","protected":false},"author":1,"featured_media":0,"comment_status":"closed","ping_status":"closed","sticky":false,"template":"","format":"standard","meta":{"fifu_image_url":"","fifu_image_alt":"","footnotes":""},"categories":[8,27],"tags":[],"class_list":["post-26745","post","type-post","status-publish","format-standard","hentry","category-featured","category-seguridad-publica"],"_links":{"self":[{"href":"https:\/\/www.interaccionnoticias.com.mx\/index.php?rest_route=\/wp\/v2\/posts\/26745","targetHints":{"allow":["GET"]}}],"collection":[{"href":"https:\/\/www.interaccionnoticias.com.mx\/index.php?rest_route=\/wp\/v2\/posts"}],"about":[{"href":"https:\/\/www.interaccionnoticias.com.mx\/index.php?rest_route=\/wp\/v2\/types\/post"}],"author":[{"embeddable":true,"href":"https:\/\/www.interaccionnoticias.com.mx\/index.php?rest_route=\/wp\/v2\/users\/1"}],"replies":[{"embeddable":true,"href":"https:\/\/www.interaccionnoticias.com.mx\/index.php?rest_route=%2Fwp%2Fv2%2Fcomments&post=26745"}],"version-history":[{"count":0,"href":"https:\/\/www.interaccionnoticias.com.mx\/index.php?rest_route=\/wp\/v2\/posts\/26745\/revisions"}],"wp:attachment":[{"href":"https:\/\/www.interaccionnoticias.com.mx\/index.php?rest_route=%2Fwp%2Fv2%2Fmedia&parent=26745"}],"wp:term":[{"taxonomy":"category","embeddable":true,"href":"https:\/\/www.interaccionnoticias.com.mx\/index.php?rest_route=%2Fwp%2Fv2%2Fcategories&post=26745"},{"taxonomy":"post_tag","embeddable":true,"href":"https:\/\/www.interaccionnoticias.com.mx\/index.php?rest_route=%2Fwp%2Fv2%2Ftags&post=26745"}],"curies":[{"name":"wp","href":"https:\/\/api.w.org\/{rel}","templated":true}]}}