{"id":26739,"date":"2019-07-31T20:07:11","date_gmt":"2019-08-01T01:07:11","guid":{"rendered":"http:\/\/www.inter-accion.com.mx\/?p=26739"},"modified":"2019-07-31T20:07:11","modified_gmt":"2019-08-01T01:07:11","slug":"favorecen-en-el-poder-judicial-al-agresor-de-una-mujer","status":"publish","type":"post","link":"https:\/\/www.interaccionnoticias.com.mx\/?p=26739","title":{"rendered":"Favorecen en el Poder Judicial al agresor de una mujer"},"content":{"rendered":"<p><strong>Se trata de un empleado del IEPC<\/strong><br \/>\nAlejandra Mateo Jim\u00e9nez, quien se dijo v\u00edctima de violencia feminicida, denunci\u00f3 que autoridades de la Agencia del Ministerio Public\u00f3 y del Tribunal Superior de Justicia retardan el proceso de investigaci\u00f3n para favorecer a su victimario, su ex novio V\u00edctor Manuel Enr\u00edquez Lezama.<br \/>\nExplic\u00f3 que el domingo 8 de abril de 2018, su exnovio V\u00edctor Manuel Enr\u00edquez Lezama atent\u00f3 contra su vida \u201cen un arranque de celos. Me sobaj\u00f3, me golpe\u00f3, me tortur\u00f3, estrangul\u00f3 y asfixi\u00f3 hasta creerme muerta\u201d.<br \/>\nDijo que el jefe de su victimario, el contralor del IEPC, Enrique Justo Bautista, lo ayud\u00f3 para esconderse en Azoy\u00fa durante 2 semanas y posterior a ello su ex pareja regres\u00f3 a trabajar en su oficina en el IEPC Guerrero, sin que hasta \u00e9sta fecha se le finquen responsabilidades por su agresi\u00f3n.<br \/>\nDijo que desde esa fecha sigue buscando que se haga justicia y denunci\u00f3 que la agente del Ministerio P\u00fablico, Noem\u00ed Castro \u00c1ngel \u201cdesde un inicio clasific\u00f3 mal el delito: Lesiones, amenazas, da\u00f1os y robo; se neg\u00f3 a integrar mi carpeta argumentando que no estaba casada con mi agresor, omiti\u00f3 y redacto mi testimonio minimizando mi denuncia y remitiendo mi carpeta a la Agencia De Bravos por supuesta incompetencia\u201d.<br \/>\nEn esa otra instancia, el agente del Ministerio P\u00fablico, Pedro Araujo Le\u00f3nides, \u201cme hizo una segunda entrevista y clasific\u00f3 mal el delito que cometieron en mi contra: Tentativa de Homicidio, lesiones, da\u00f1os y robo, cuando debi\u00f3 ser por Tentativa de feminicidio, violencia de g\u00e9nero, lesiones, da\u00f1os y robo\u201d.<br \/>\nEse funcionario, dijo, le insisti\u00f3 mucho en conciliar con su agresor. \u201cY eso es solo el inicio de las inconsistencias por parte del agente, desde la demora por reunir todos mis dict\u00e1menes hasta el hecho de ocultar informaci\u00f3n para localizar a mi agresor, fueron 10 meses lo que tardo en judicializar mi carpeta y vincular a Proceso a V\u00edctor Manuel Enr\u00edquez Lezama; ya que se le vincul\u00f3 a proceso hasta el 20 de febrero de 2019, y solamente por el delito de violencia de g\u00e9nero\u201d.<br \/>\nDespu\u00e9s de que se logra vincular a proceso a V\u00edctor Manuel Enr\u00edquez Lezama, el Juez Edgardo Mendoza Falc\u00f3n, otorga 2 meses de investigaci\u00f3n complementaria, y posterior a ello comienza nuevamente la dilaci\u00f3n en el proceso, \u201cya que el juez al ser profesor de tiempo completo de la Licenciatura de Derecho en la UAGRO y tambi\u00e9n profesor de la Maestr\u00eda, por cuestiones personales difiere la audiencia intermedia del 24 de abril al 24 de mayo, del 24 de mayo al 11 de junio, del 11 de junio al 12 de junio, del 12 de junio al 19 de junio y del 19 de junio al 20 de junio\u201d.<br \/>\nAgreg\u00f3 que en esa fecha y sin un certificado m\u00e9dico de por medio, solamente con una receta m\u00e9dica por Fiebre Tifoidea el juez otorga 12 d\u00edas de reposo absoluto y \u201cjustifica la inasistencia de mi agresor, difiriendo nuevamente la audiencia al 18 de julio, y es el 18 de Julio cuando nuevamente y con una receta de similares que argumenta una infecci\u00f3n por Salmonela, concede 15 d\u00edas de reposo absoluto y justifica nuevamente a mi agresor, difiriendo la audiencia intermedia al 29 de agosto del presente a\u00f1o, argumentando tambi\u00e9n que se ira de vacaciones y no puede agendar antes la audiencia Intermedia\u201d.<br \/>\nAlejandra Mateo dijo sentirse impotente, frustrada y profundamente decepcionada del sistema de Justicia del Estado, \u201csiento que se han burlado de mi hasta mas no poder, ya que en mi b\u00fasqueda de justicia que inicie hace 15 meses solamente me he topado con trabas, excusas y favoritismos\u201d.<br \/>\nY pidi\u00f3 al fiscal Jorge Zuriel de los Santos, y al presidente del tribunal Superior de Justicia, Alberto L\u00f3pez Celis, poner atenci\u00f3n en ese caso, \u201cporque temo que mi agresor vuelva atentar contra mi vida\u201d.<\/p>\n","protected":false},"excerpt":{"rendered":"<p>Se trata de un empleado del IEPC Alejandra Mateo Jim\u00e9nez, quien se dijo v\u00edctima de violencia feminicida, denunci\u00f3 que autoridades de la Agencia del Ministerio Public\u00f3 y del Tribunal Superior&hellip; <\/p>\n","protected":false},"author":1,"featured_media":0,"comment_status":"closed","ping_status":"closed","sticky":false,"template":"","format":"standard","meta":{"fifu_image_url":"","fifu_image_alt":"","footnotes":""},"categories":[8,27],"tags":[],"class_list":["post-26739","post","type-post","status-publish","format-standard","hentry","category-featured","category-seguridad-publica"],"_links":{"self":[{"href":"https:\/\/www.interaccionnoticias.com.mx\/index.php?rest_route=\/wp\/v2\/posts\/26739","targetHints":{"allow":["GET"]}}],"collection":[{"href":"https:\/\/www.interaccionnoticias.com.mx\/index.php?rest_route=\/wp\/v2\/posts"}],"about":[{"href":"https:\/\/www.interaccionnoticias.com.mx\/index.php?rest_route=\/wp\/v2\/types\/post"}],"author":[{"embeddable":true,"href":"https:\/\/www.interaccionnoticias.com.mx\/index.php?rest_route=\/wp\/v2\/users\/1"}],"replies":[{"embeddable":true,"href":"https:\/\/www.interaccionnoticias.com.mx\/index.php?rest_route=%2Fwp%2Fv2%2Fcomments&post=26739"}],"version-history":[{"count":0,"href":"https:\/\/www.interaccionnoticias.com.mx\/index.php?rest_route=\/wp\/v2\/posts\/26739\/revisions"}],"wp:attachment":[{"href":"https:\/\/www.interaccionnoticias.com.mx\/index.php?rest_route=%2Fwp%2Fv2%2Fmedia&parent=26739"}],"wp:term":[{"taxonomy":"category","embeddable":true,"href":"https:\/\/www.interaccionnoticias.com.mx\/index.php?rest_route=%2Fwp%2Fv2%2Fcategories&post=26739"},{"taxonomy":"post_tag","embeddable":true,"href":"https:\/\/www.interaccionnoticias.com.mx\/index.php?rest_route=%2Fwp%2Fv2%2Ftags&post=26739"}],"curies":[{"name":"wp","href":"https:\/\/api.w.org\/{rel}","templated":true}]}}