{"id":26736,"date":"2019-07-31T20:04:52","date_gmt":"2019-08-01T01:04:52","guid":{"rendered":"http:\/\/www.inter-accion.com.mx\/?p=26736"},"modified":"2019-07-31T20:04:52","modified_gmt":"2019-08-01T01:04:52","slug":"hombres-armados-se-llevan-a-dos-activistas-del-fdp-en-pueblo-de-chilapa","status":"publish","type":"post","link":"https:\/\/www.interaccionnoticias.com.mx\/?p=26736","title":{"rendered":"Hombres armados se llevan a dos activistas del FDP, en Pueblo de Chilapa"},"content":{"rendered":"<p><strong>La dirigencia pide la intervenci\u00f3n de las autoridades<\/strong><br \/>\nDos integrantes del Frente de Defensa Popular (FDP), los hermanos Sergio y Adolfo Orgin Orgin fueron privados de la libertad el mediod\u00eda del mi\u00e9rcoles, cuando abonaban su tierra de labor en San Jer\u00f3nimo Palantla, municipio de Chilapa.<br \/>\nClemencia Guevara Tejedor, dirigente del FDP, se\u00f1al\u00f3 que la familia de los hermanos Orgin Orgin se comunic\u00f3 con ella para informarle del hecho, con la intenci\u00f3n de alertar a las autoridades para que implementen las acciones correspondientes.<br \/>\nDijo que los dos activistas del frente se encontraban en su tierra de labor, en las inmediaciones de San Jer\u00f3nimo Palantla aplicando el fertilizante que necesitan para hacer producir sus tierras.<br \/>\nHasta dicho lugar lleg\u00f3 un grupo de desconocidos, los cuales los sometieron y se los llevaron, sin que hasta entrada la noche del mi\u00e9rcoles se conociera su ubicaci\u00f3n.<br \/>\nClemencia Guevara Tejedor dijo que hay la sospecha de que la privaci\u00f3n de la libertad de los hermanos Org\u00edn, se encuentra relacionada con la pugna que los habitantes de San Jer\u00f3nimo Palantla sostienen con los integrantes de la Polic\u00eda Comunitaria (PC) de Rinc\u00f3n de Chautla, que pretenden incorporarlos a sus sistema de seguridad por la fuerza.<br \/>\nEl 12 de julio, un grupo de activistas del FDP fue atacado cuando regresaba de Chilpancingo hacia su lugar de origen, despu\u00e9s de haber estado en Chilpancingo exigiendo la detenci\u00f3n de los dirigentes de la PC de Rinc\u00f3n de Chautla, a los que acusan de los cinco asesinatos registrados en febrero de 2015, en un ataque que ya deriv\u00f3 en la liberaci\u00f3n de \u00f3rdenes de aprehensi\u00f3n, las que podr\u00edan ejecutarse en cualquier momento.<br \/>\nGuevara Tejedor hizo un llamado a la Polic\u00eda del Estado, la Fiscal\u00eda General del Estado (FGE) y la Guardia Nacional (GN) para que hagan presencia en la zona, con la intenci\u00f3n de que detengan a los responsables con los homicidios de sus compa\u00f1eros.<\/p>\n","protected":false},"excerpt":{"rendered":"<p>La dirigencia pide la intervenci\u00f3n de las autoridades Dos integrantes del Frente de Defensa Popular (FDP), los hermanos Sergio y Adolfo Orgin Orgin fueron privados de la libertad el mediod\u00eda&hellip; <\/p>\n","protected":false},"author":1,"featured_media":0,"comment_status":"closed","ping_status":"closed","sticky":false,"template":"","format":"standard","meta":{"fifu_image_url":"","fifu_image_alt":"","footnotes":""},"categories":[8,27],"tags":[],"class_list":["post-26736","post","type-post","status-publish","format-standard","hentry","category-featured","category-seguridad-publica"],"_links":{"self":[{"href":"https:\/\/www.interaccionnoticias.com.mx\/index.php?rest_route=\/wp\/v2\/posts\/26736","targetHints":{"allow":["GET"]}}],"collection":[{"href":"https:\/\/www.interaccionnoticias.com.mx\/index.php?rest_route=\/wp\/v2\/posts"}],"about":[{"href":"https:\/\/www.interaccionnoticias.com.mx\/index.php?rest_route=\/wp\/v2\/types\/post"}],"author":[{"embeddable":true,"href":"https:\/\/www.interaccionnoticias.com.mx\/index.php?rest_route=\/wp\/v2\/users\/1"}],"replies":[{"embeddable":true,"href":"https:\/\/www.interaccionnoticias.com.mx\/index.php?rest_route=%2Fwp%2Fv2%2Fcomments&post=26736"}],"version-history":[{"count":0,"href":"https:\/\/www.interaccionnoticias.com.mx\/index.php?rest_route=\/wp\/v2\/posts\/26736\/revisions"}],"wp:attachment":[{"href":"https:\/\/www.interaccionnoticias.com.mx\/index.php?rest_route=%2Fwp%2Fv2%2Fmedia&parent=26736"}],"wp:term":[{"taxonomy":"category","embeddable":true,"href":"https:\/\/www.interaccionnoticias.com.mx\/index.php?rest_route=%2Fwp%2Fv2%2Fcategories&post=26736"},{"taxonomy":"post_tag","embeddable":true,"href":"https:\/\/www.interaccionnoticias.com.mx\/index.php?rest_route=%2Fwp%2Fv2%2Ftags&post=26736"}],"curies":[{"name":"wp","href":"https:\/\/api.w.org\/{rel}","templated":true}]}}