{"id":26733,"date":"2019-07-31T19:43:36","date_gmt":"2019-08-01T00:43:36","guid":{"rendered":"http:\/\/www.inter-accion.com.mx\/?p=26733"},"modified":"2019-07-31T19:43:36","modified_gmt":"2019-08-01T00:43:36","slug":"ataque-armado-en-chilapa-deja-cinco-muertos","status":"publish","type":"post","link":"https:\/\/www.interaccionnoticias.com.mx\/?p=26733","title":{"rendered":"Ataque armado en Chilapa deja cinco muertos"},"content":{"rendered":"<p><strong>Hasta el momento no hay detenidos<\/strong><br \/>\nEl ataque a balazos contra un taller de herrer\u00eda, en la cabecera municipal de Chilapa de \u00c1lvarez dej\u00f3 el saldo de cinco personas muertas, ninguno de los agresores fue detenido.<br \/>\nLa polic\u00eda confirm\u00f3 que el atentado se registr\u00f3 alrededor de las 10:15 horas del mi\u00e9rcoles 31 de julio, en un taller de herrer\u00eda que se ubica en el barrio del Dulce Nombre, cerca del centro de Chilapa.<br \/>\nEl saldo inicial fue de tres muertos y dos heridos, los que murieron cuando se les atend\u00eda de sus heridas producidas por arma de fuego.<br \/>\nTodas las v\u00edctimas son varones, la Polic\u00eda del Estado y personal de la Guardia Nacional (GN) pusieron en marcha un operativo de b\u00fasqueda, pero hasta entrada la tarde no se registraban resultados.<br \/>\nEn la escena del crimen los atacantes dejaron una cartulina con un mensaje intimidatorio, el cual fue asegurado por las autoridades.<\/p>\n","protected":false},"excerpt":{"rendered":"<p>Hasta el momento no hay detenidos El ataque a balazos contra un taller de herrer\u00eda, en la cabecera municipal de Chilapa de \u00c1lvarez dej\u00f3 el saldo de cinco personas muertas,&hellip; <\/p>\n","protected":false},"author":1,"featured_media":0,"comment_status":"closed","ping_status":"closed","sticky":false,"template":"","format":"standard","meta":{"fifu_image_url":"","fifu_image_alt":"","footnotes":""},"categories":[8,27],"tags":[],"class_list":["post-26733","post","type-post","status-publish","format-standard","hentry","category-featured","category-seguridad-publica"],"_links":{"self":[{"href":"https:\/\/www.interaccionnoticias.com.mx\/index.php?rest_route=\/wp\/v2\/posts\/26733","targetHints":{"allow":["GET"]}}],"collection":[{"href":"https:\/\/www.interaccionnoticias.com.mx\/index.php?rest_route=\/wp\/v2\/posts"}],"about":[{"href":"https:\/\/www.interaccionnoticias.com.mx\/index.php?rest_route=\/wp\/v2\/types\/post"}],"author":[{"embeddable":true,"href":"https:\/\/www.interaccionnoticias.com.mx\/index.php?rest_route=\/wp\/v2\/users\/1"}],"replies":[{"embeddable":true,"href":"https:\/\/www.interaccionnoticias.com.mx\/index.php?rest_route=%2Fwp%2Fv2%2Fcomments&post=26733"}],"version-history":[{"count":0,"href":"https:\/\/www.interaccionnoticias.com.mx\/index.php?rest_route=\/wp\/v2\/posts\/26733\/revisions"}],"wp:attachment":[{"href":"https:\/\/www.interaccionnoticias.com.mx\/index.php?rest_route=%2Fwp%2Fv2%2Fmedia&parent=26733"}],"wp:term":[{"taxonomy":"category","embeddable":true,"href":"https:\/\/www.interaccionnoticias.com.mx\/index.php?rest_route=%2Fwp%2Fv2%2Fcategories&post=26733"},{"taxonomy":"post_tag","embeddable":true,"href":"https:\/\/www.interaccionnoticias.com.mx\/index.php?rest_route=%2Fwp%2Fv2%2Ftags&post=26733"}],"curies":[{"name":"wp","href":"https:\/\/api.w.org\/{rel}","templated":true}]}}