{"id":26730,"date":"2019-07-31T19:24:59","date_gmt":"2019-08-01T00:24:59","guid":{"rendered":"http:\/\/www.inter-accion.com.mx\/?p=26730"},"modified":"2019-07-31T19:24:59","modified_gmt":"2019-08-01T00:24:59","slug":"santiago-mazari-el-carrete-pretende-asumir-el-control-en-la-sierra-reporta-fupceg","status":"publish","type":"post","link":"https:\/\/www.interaccionnoticias.com.mx\/?p=26730","title":{"rendered":"Santiago Mazari \u201cEl Carrete\u201d pretende asumir el control en la Sierra, reporta FUPCEG"},"content":{"rendered":"<p>El Frente Unido de Polic\u00edas Comunitarias del Estado de Guerrero (FUPCEG), denunci\u00f3 que Santiago Mazari Hern\u00e1ndez, alias \u201cEl Carrete\u201d, pretende apoderarse de la Sierra de Guerrero, de ah\u00ed los enfrentamientos que se han generado en los \u00faltimos d\u00edas.<br \/>\nV\u00eda comunicado, el FUPCEG inform\u00f3 que desde hace tres meses, en comunidades como Tecomazuchil, Villa X\u00f3chitl, El Encanto y Corral de Piedra se tuvo informaci\u00f3n de la llegada de civiles armados al mando de Mazari Hern\u00e1ndez, quien a nivel nacional es ubicado como uno de los principales generadores de violencia en el estado de Morelos.<br \/>\nMazari Hern\u00e1ndez es conocido tambi\u00e9n con el alias de \u201cEl se\u00f1or de los Caballos\u201d, quien sostienen, desde las localidades en que se asent\u00f3, ordena la comisi\u00f3n de robos, extorsiones y secuestros.<br \/>\nLos objetivos sobre los que van dirigidas las acciones de \u201cEl Carrete\u201d son empresarios y alcaldes, tanto del Estado de Morelos y como de Guerrero.<br \/>\nEl comunicado indica: \u201cLa Polic\u00eda Comunitaria de Tlacotepec ha evitado la entrada de personas afines a este delincuente a la cabecera municipal, ya que desde hoteles y casas de seguridad ubicadas en Tlacotepec operaban las llamadas de los secuestros y extorsiones\u201d.<br \/>\nTambi\u00e9n reconoci\u00f3 que el FUPCEG implement\u00f3 operativos para desarticular a dicha banda, lo que provoc\u00f3 los enfrentamientos en Corral de Piedra y Polixtepec.<br \/>\nEl frente manifest\u00f3 su compromiso con los habitantes de los pueblos donde se mantiene posicionado el grupo delictivo que encabeza Santiago Mazari, en el sentido de que har\u00e1n lo necesario para liberarlos.<br \/>\n\u201cSabemos que los tienen amenazados y secuestrados en sus lugares de origen y los obligan a servir como escudos humanos\u201d.<br \/>\nEl FUPCEG rechaz\u00f3 que el tr\u00e1nsito en el corredor que va de Filo de Caballos hacia Xochipala est\u00e9 interrumpido, tambi\u00e9n negaron que impidan el paso de comida, medicinas y v\u00edveres.<br \/>\nTambi\u00e9n sostienen que la ruta Corral de Piedra &#8211; Chilpancingo y Tecomazuchil -Chilpancingo hasta el momento operan con normalidad.<br \/>\nLos representantes del FUPCEG anticiparon que habr\u00e1 m\u00e1s operativos encaminados a la expulsi\u00f3n o exterminio de los supuestos delincuentes, que indicaron: \u201cno son del Estado de Guerrero\u201d.<br \/>\nTambi\u00e9n explicaron que el pasado 24 de julio se cit\u00f3 a una reuni\u00f3n conciliatoria en la comunidad de Filo de Caballos, pero los representantes de Corral de Piedra, Ojo de Agua, El Naranjo, El Lim\u00f3n, Villa X\u00f3chitl, Tecomazuchil y El Encanto no se presentaron.<br \/>\nA\u00fan as\u00ed, la reuni\u00f3n se realiz\u00f3 a las 11:00 horas y culmino alrededor de las 14:00, solamente participaron autoridades y comit\u00e9s de las 12 comunidades que conforman el corredor Corralitos -Mirabal.<br \/>\nEl FUPCEG ratific\u00f3 su voluntad para dialogar con autoridades y pobladores de los pueblos afectados por la violencia, para buscar mecanismos que permitan mantener a salvo a la poblaci\u00f3n civil durante las acciones que se vayan a realizar.<\/p>\n","protected":false},"excerpt":{"rendered":"<p>El Frente Unido de Polic\u00edas Comunitarias del Estado de Guerrero (FUPCEG), denunci\u00f3 que Santiago Mazari Hern\u00e1ndez, alias \u201cEl Carrete\u201d, pretende apoderarse de la Sierra de Guerrero, de ah\u00ed los enfrentamientos&hellip; <\/p>\n","protected":false},"author":1,"featured_media":0,"comment_status":"closed","ping_status":"closed","sticky":false,"template":"","format":"standard","meta":{"fifu_image_url":"","fifu_image_alt":"","footnotes":""},"categories":[8,27],"tags":[],"class_list":["post-26730","post","type-post","status-publish","format-standard","hentry","category-featured","category-seguridad-publica"],"_links":{"self":[{"href":"https:\/\/www.interaccionnoticias.com.mx\/index.php?rest_route=\/wp\/v2\/posts\/26730","targetHints":{"allow":["GET"]}}],"collection":[{"href":"https:\/\/www.interaccionnoticias.com.mx\/index.php?rest_route=\/wp\/v2\/posts"}],"about":[{"href":"https:\/\/www.interaccionnoticias.com.mx\/index.php?rest_route=\/wp\/v2\/types\/post"}],"author":[{"embeddable":true,"href":"https:\/\/www.interaccionnoticias.com.mx\/index.php?rest_route=\/wp\/v2\/users\/1"}],"replies":[{"embeddable":true,"href":"https:\/\/www.interaccionnoticias.com.mx\/index.php?rest_route=%2Fwp%2Fv2%2Fcomments&post=26730"}],"version-history":[{"count":0,"href":"https:\/\/www.interaccionnoticias.com.mx\/index.php?rest_route=\/wp\/v2\/posts\/26730\/revisions"}],"wp:attachment":[{"href":"https:\/\/www.interaccionnoticias.com.mx\/index.php?rest_route=%2Fwp%2Fv2%2Fmedia&parent=26730"}],"wp:term":[{"taxonomy":"category","embeddable":true,"href":"https:\/\/www.interaccionnoticias.com.mx\/index.php?rest_route=%2Fwp%2Fv2%2Fcategories&post=26730"},{"taxonomy":"post_tag","embeddable":true,"href":"https:\/\/www.interaccionnoticias.com.mx\/index.php?rest_route=%2Fwp%2Fv2%2Ftags&post=26730"}],"curies":[{"name":"wp","href":"https:\/\/api.w.org\/{rel}","templated":true}]}}