{"id":26727,"date":"2019-07-31T19:20:43","date_gmt":"2019-08-01T00:20:43","guid":{"rendered":"http:\/\/www.inter-accion.com.mx\/?p=26727"},"modified":"2019-07-31T19:20:43","modified_gmt":"2019-08-01T00:20:43","slug":"confirma-el-gobierno-incursion-de-grupo-delictivo-ajeno-a-guerrero-en-la-sierra","status":"publish","type":"post","link":"https:\/\/www.interaccionnoticias.com.mx\/?p=26727","title":{"rendered":"Confirma el Gobierno incursi\u00f3n de grupo delictivo ajeno a Guerrero en la Sierra"},"content":{"rendered":"<p><strong>Llega personal de la Guardia Nacional a la zona<\/strong><br \/>\nEl gobierno de Guerrero confirm\u00f3 la presencia de un grupo delictivo ajeno al estado que ha generado violencia en comunidades de la Sierra, por eso este mi\u00e9rcoles lleg\u00f3 a la zona personal de la Guardia Nacional y Polic\u00eda del Estado.<br \/>\nDesde el fin de semana, en comunidades de Heliodoro Castillo y Leonardo Bravo se reportaron incursiones de civiles armados, algunos de ellos vistiendo ropas tipo militar, los que propiciaron el despliegue de civiles armados que ya estaban asentados en la zona.<br \/>\nEl martes 30 de julio se reportaron enfrentamientos en comunidades como Corral de Piedra y Polixtepec, pertenecientes a Leonardo Bravo, por lo que habitantes de dichas localidades solicitaron la intervenci\u00f3n de las autoridades.<br \/>\nRoberto \u00c1lvarez Heredia, vocero de la Coordinaci\u00f3n Estatal para la Construcci\u00f3n de la Paz, inform\u00f3 que este mi\u00e9rcoles, los destacamentos en la Sierra confirmaron los enfrentamientos entre civiles armads en algunas localidades de la parte alta.<br \/>\nPor eso anot\u00f3: \u201cEn coordinaci\u00f3n con la Guardia Nacional (GN), la Secretar\u00eda de la Defensa Nacional (Sedena) y la Secretar\u00eda de Seguridad P\u00fablica (SSP) del Estado se procedi\u00f3 a realizar un despliegue operativo, con la intenci\u00f3n de reforzar la seguridad a los habitantes, as\u00ed como dar libre tr\u00e1nsito en la zona\u201d.<br \/>\nEl comunicado del Gobierno estatal anota: \u201cSe tiene conocimiento que personas ajenas a la localidad, incluso ajenas al estado de Guerrero, llegaron a estas localidades perturbando el orden p\u00fablico y la tranquilidad social\u201d.<br \/>\nEl vocero \u00c1lvarez Heredia explic\u00f3 que acciones realizadas consistieron en el despliegue de personal de la Guardia Nacional (GN), del Ej\u00e9rcito Mexicano y la Polic\u00eda Estatal, los que recorrieron varios frentes colindantes con estas localidades.<br \/>\nLa intenci\u00f3n, de acuerdo con el vocero era \u201cdar atenci\u00f3n a los generadores de violencia\u201d.<br \/>\nAgreg\u00f3 que se resguard\u00f3 el traslado de personal de la Comisi\u00f3n Federal de Electricidad (CFE) para restablecer el servicio de energ\u00eda el\u00e9ctrica en Corral de Piedra, municipio de Leonardo Bravo, ad<\/p>\n","protected":false},"excerpt":{"rendered":"<p>Llega personal de la Guardia Nacional a la zona El gobierno de Guerrero confirm\u00f3 la presencia de un grupo delictivo ajeno al estado que ha generado violencia en comunidades de&hellip; <\/p>\n","protected":false},"author":1,"featured_media":0,"comment_status":"closed","ping_status":"closed","sticky":false,"template":"","format":"standard","meta":{"fifu_image_url":"","fifu_image_alt":"","footnotes":""},"categories":[8,27],"tags":[],"class_list":["post-26727","post","type-post","status-publish","format-standard","hentry","category-featured","category-seguridad-publica"],"_links":{"self":[{"href":"https:\/\/www.interaccionnoticias.com.mx\/index.php?rest_route=\/wp\/v2\/posts\/26727","targetHints":{"allow":["GET"]}}],"collection":[{"href":"https:\/\/www.interaccionnoticias.com.mx\/index.php?rest_route=\/wp\/v2\/posts"}],"about":[{"href":"https:\/\/www.interaccionnoticias.com.mx\/index.php?rest_route=\/wp\/v2\/types\/post"}],"author":[{"embeddable":true,"href":"https:\/\/www.interaccionnoticias.com.mx\/index.php?rest_route=\/wp\/v2\/users\/1"}],"replies":[{"embeddable":true,"href":"https:\/\/www.interaccionnoticias.com.mx\/index.php?rest_route=%2Fwp%2Fv2%2Fcomments&post=26727"}],"version-history":[{"count":0,"href":"https:\/\/www.interaccionnoticias.com.mx\/index.php?rest_route=\/wp\/v2\/posts\/26727\/revisions"}],"wp:attachment":[{"href":"https:\/\/www.interaccionnoticias.com.mx\/index.php?rest_route=%2Fwp%2Fv2%2Fmedia&parent=26727"}],"wp:term":[{"taxonomy":"category","embeddable":true,"href":"https:\/\/www.interaccionnoticias.com.mx\/index.php?rest_route=%2Fwp%2Fv2%2Fcategories&post=26727"},{"taxonomy":"post_tag","embeddable":true,"href":"https:\/\/www.interaccionnoticias.com.mx\/index.php?rest_route=%2Fwp%2Fv2%2Ftags&post=26727"}],"curies":[{"name":"wp","href":"https:\/\/api.w.org\/{rel}","templated":true}]}}