{"id":26721,"date":"2019-07-30T22:22:54","date_gmt":"2019-07-31T03:22:54","guid":{"rendered":"http:\/\/www.inter-accion.com.mx\/?p=26721"},"modified":"2019-07-30T22:22:54","modified_gmt":"2019-07-31T03:22:54","slug":"llama-coordinador-parlamentario-del-pri-a-romper-el-asueto-en-el-congreso-local","status":"publish","type":"post","link":"https:\/\/www.interaccionnoticias.com.mx\/?p=26721","title":{"rendered":"Llama coordinador parlamentario del PRI a romper el asueto en el Congreso local"},"content":{"rendered":"<p><strong>\u201cGrotescamente in\u00e9dito\u201d, el periodo vacacional que disfrutan los diputados, se\u00f1ala H\u00e9ctor Apreza <\/strong><br \/>\nEl coordinador de la fracci\u00f3n parlamentaria del PRI en el Congreso local, H\u00e9ctor Apreza Patr\u00f3n calific\u00f3 como absurdo el periodo vacacional que se aprob\u00f3 durante el periodo de receso que est\u00e1 en curso, por la carga de pendientes que se arrastran.<br \/>\nEn las instalaciones del Poder Legislativo de Guerrero, Apreza Patr\u00f3n lament\u00f3 que todas las \u00e1reas se hayan cerrado completamente, pues no hay siquiera personal de guardia para atender los asuntos que surjan de manera emergente.<br \/>\n\u201cYo me qued\u00e9 sorprendido cuando se anunci\u00f3 una medida de esta naturaleza (un periodo de asueto de tres semanas), porque es completamente violatorio de la Ley Org\u00e1nica\u201d, se\u00f1al\u00f3 el tambi\u00e9n secretario de la Junta de Coordinaci\u00f3n Pol\u00edtica (Jucopo).<br \/>\nRecord\u00f3 que al seno de la Jucopo se acord\u00f3 darle vacaciones a los trabajadores, pero de ninguna manera a los integrantes de la Comisi\u00f3n Permanente.<br \/>\nRecord\u00f3 que esta es la tercera ocasi\u00f3n que tiene la posibilidad de desempe\u00f1arse como diputado, pero nunca hab\u00eda conocido una paralizaci\u00f3n como la actual.<br \/>\nReproch\u00f3: \u201cSe me hace absurdo que la casa del pueblo est\u00e9 cerrada, no hay gente que est\u00e9 recibiendo documentos y eso es sumamente delicado\u201d.<br \/>\nReconoci\u00f3 como leg\u00edtimo el reclamo hecho por el diputado federal por Morena, Rub\u00e9n Cayetano Garc\u00eda, quien a trav\u00e9s de un video grabado en la puerta principal del Congreso solicit\u00f3 al presidente de la Jucopo, Antonio Helguera Jim\u00e9nez que interrumpa el asueto para reiniciar cuanto antes las actividades legislativas.<br \/>\n\u201cYo estoy de acuerdo con el diputado Cayetano, es absurdo, grotescamente in\u00e9dito\u201d, asever\u00f3.<br \/>\nApreza sostuvo que a pesar de que la fracci\u00f3n parlamentaria de Morena lo niega, la 62 es la legislatura m\u00e1s improductiva, la que tiene menos di\u00e1logo entre sus fuerzas pol\u00edticas, menos trabajo y menos construcci\u00f3n de acuerdos.<br \/>\nHasta el momento no existe ninguna convocatoria para que la Jucopo sesione y se discuta la Orden del D\u00eda que regir\u00e1 los trabajos de la Comisi\u00f3n Permanente, sin embargo, destac\u00f3 que es necesario secundar el llamado de quienes plantean reabrir el Congreso, porque este no se puede cerrar cuando en la entidad existe muchos problemas que se pueden canalizar a trav\u00e9s de los diputados.<\/p>\n","protected":false},"excerpt":{"rendered":"<p>\u201cGrotescamente in\u00e9dito\u201d, el periodo vacacional que disfrutan los diputados, se\u00f1ala H\u00e9ctor Apreza El coordinador de la fracci\u00f3n parlamentaria del PRI en el Congreso local, H\u00e9ctor Apreza Patr\u00f3n calific\u00f3 como absurdo&hellip; <\/p>\n","protected":false},"author":1,"featured_media":0,"comment_status":"closed","ping_status":"closed","sticky":false,"template":"","format":"standard","meta":{"fifu_image_url":"","fifu_image_alt":"","footnotes":""},"categories":[2,8],"tags":[],"class_list":["post-26721","post","type-post","status-publish","format-standard","hentry","category-congreso","category-featured"],"_links":{"self":[{"href":"https:\/\/www.interaccionnoticias.com.mx\/index.php?rest_route=\/wp\/v2\/posts\/26721","targetHints":{"allow":["GET"]}}],"collection":[{"href":"https:\/\/www.interaccionnoticias.com.mx\/index.php?rest_route=\/wp\/v2\/posts"}],"about":[{"href":"https:\/\/www.interaccionnoticias.com.mx\/index.php?rest_route=\/wp\/v2\/types\/post"}],"author":[{"embeddable":true,"href":"https:\/\/www.interaccionnoticias.com.mx\/index.php?rest_route=\/wp\/v2\/users\/1"}],"replies":[{"embeddable":true,"href":"https:\/\/www.interaccionnoticias.com.mx\/index.php?rest_route=%2Fwp%2Fv2%2Fcomments&post=26721"}],"version-history":[{"count":0,"href":"https:\/\/www.interaccionnoticias.com.mx\/index.php?rest_route=\/wp\/v2\/posts\/26721\/revisions"}],"wp:attachment":[{"href":"https:\/\/www.interaccionnoticias.com.mx\/index.php?rest_route=%2Fwp%2Fv2%2Fmedia&parent=26721"}],"wp:term":[{"taxonomy":"category","embeddable":true,"href":"https:\/\/www.interaccionnoticias.com.mx\/index.php?rest_route=%2Fwp%2Fv2%2Fcategories&post=26721"},{"taxonomy":"post_tag","embeddable":true,"href":"https:\/\/www.interaccionnoticias.com.mx\/index.php?rest_route=%2Fwp%2Fv2%2Ftags&post=26721"}],"curies":[{"name":"wp","href":"https:\/\/api.w.org\/{rel}","templated":true}]}}