{"id":2670,"date":"2017-03-08T17:22:21","date_gmt":"2017-03-08T23:22:21","guid":{"rendered":"http:\/\/www.inter-accion.com.mx\/?p=2670"},"modified":"2017-03-08T17:22:21","modified_gmt":"2017-03-08T23:22:21","slug":"el-crimen-ya-no-respeta-a-las-mujeres-como-antes","status":"publish","type":"post","link":"https:\/\/www.interaccionnoticias.com.mx\/?p=2670","title":{"rendered":"El crimen ya no respeta a las mujeres como antes"},"content":{"rendered":"<p>Las bandas las reclutan y matan conforme les conviene<br \/>\n&nbsp;<br \/>\n&nbsp;<br \/>\nEl vicefiscal de Investigaci\u00f3n Criminal de la Fiscal\u00eda General del Estado (FGE), Jos\u00e9 Antonio Bonilla Uribe sostuvo que el crimen organizado \u201cya no respeta como antes a las mujeres\u201d, pues ahora las recluta y mata cuando as\u00ed conviene a sus intereses.<br \/>\nEn las instalaciones del Palacio de Gobierno, Bonilla Uribe confirm\u00f3 que la ma\u00f1ana del mi\u00e9rcoles se registr\u00f3 un asesinato a balazos en contra de una mujer en el puerto de Acapulco.<br \/>\nAl igual que en el caso de la jovencita asesinada la tarde del domingo 5 de marzo, el funcionario refiri\u00f3 que el de la ma\u00f1ana del mi\u00e9rcoles 8 es consecuencia de la pugna que existe por el control de puntos de venta droga.<br \/>\n\u201cAmbos son hechos que est\u00e1n directamente relacionados con el crimen organizado\u201d, asever\u00f3.<br \/>\nSobre este aspecto, el vicefiscal de Investigaci\u00f3n Criminal destac\u00f3; \u201crecordemos que en el crimen organizado participan tanto hombres como mujeres, pero tristemente, en la actualidad el crimen organizado est\u00e1 mostrando menos respeto hacia las mujeres que en el pasado, incluso con las propias integrantes de sus bandas\u201d.<br \/>\nEn estos d\u00edas, dijo que hay m\u00e1s mujeres participando en la delincuencia que hasta hace unos a\u00f1os, lo que se confirma tambi\u00e9n con la presencia de f\u00e9minas en las detenciones que constantemente realizan los cuerpos de seguridad en las siete regiones.<br \/>\nEl domingo por la tarde, adem\u00e1s de que la v\u00edctima fue una mujer a la que se acus\u00f3 de \u201cbrincar\u201d de un grupo delictivo hacia otro, se present\u00f3 a agravante de que se trataba de una menor de 15 a\u00f1os de edad.<br \/>\nEl vicefiscal Bonilla Uribe fue cuestionado sobre el problema que representan los feminicidios en Guerrero.<br \/>\nExplic\u00f3 que todo asesinato que se comete en contra de una mujer se considera inicialmente como un feminicidio, pero conforme avanza el proceso de investigaci\u00f3n se fortalece o descarta la hip\u00f3tesis del feminicidio.<br \/>\nEn la mayor\u00eda de los casos, dijo que los feminicidios se descartan, porque las caracter\u00edsticas que encuentran los especialistas solamente permiten encuadrarlos en el homicidio cometido en contra de mujeres.<\/p>\n","protected":false},"excerpt":{"rendered":"<p>Las bandas las reclutan y matan conforme les conviene &nbsp; &nbsp; El vicefiscal de Investigaci\u00f3n Criminal de la Fiscal\u00eda General del Estado (FGE), Jos\u00e9 Antonio Bonilla Uribe sostuvo que el&hellip; <\/p>\n","protected":false},"author":1,"featured_media":0,"comment_status":"open","ping_status":"open","sticky":false,"template":"","format":"standard","meta":{"fifu_image_url":"","fifu_image_alt":"","footnotes":""},"categories":[8,27],"tags":[],"class_list":["post-2670","post","type-post","status-publish","format-standard","hentry","category-featured","category-seguridad-publica"],"_links":{"self":[{"href":"https:\/\/www.interaccionnoticias.com.mx\/index.php?rest_route=\/wp\/v2\/posts\/2670","targetHints":{"allow":["GET"]}}],"collection":[{"href":"https:\/\/www.interaccionnoticias.com.mx\/index.php?rest_route=\/wp\/v2\/posts"}],"about":[{"href":"https:\/\/www.interaccionnoticias.com.mx\/index.php?rest_route=\/wp\/v2\/types\/post"}],"author":[{"embeddable":true,"href":"https:\/\/www.interaccionnoticias.com.mx\/index.php?rest_route=\/wp\/v2\/users\/1"}],"replies":[{"embeddable":true,"href":"https:\/\/www.interaccionnoticias.com.mx\/index.php?rest_route=%2Fwp%2Fv2%2Fcomments&post=2670"}],"version-history":[{"count":0,"href":"https:\/\/www.interaccionnoticias.com.mx\/index.php?rest_route=\/wp\/v2\/posts\/2670\/revisions"}],"wp:attachment":[{"href":"https:\/\/www.interaccionnoticias.com.mx\/index.php?rest_route=%2Fwp%2Fv2%2Fmedia&parent=2670"}],"wp:term":[{"taxonomy":"category","embeddable":true,"href":"https:\/\/www.interaccionnoticias.com.mx\/index.php?rest_route=%2Fwp%2Fv2%2Fcategories&post=2670"},{"taxonomy":"post_tag","embeddable":true,"href":"https:\/\/www.interaccionnoticias.com.mx\/index.php?rest_route=%2Fwp%2Fv2%2Ftags&post=2670"}],"curies":[{"name":"wp","href":"https:\/\/api.w.org\/{rel}","templated":true}]}}