{"id":26679,"date":"2019-07-29T17:58:25","date_gmt":"2019-07-29T22:58:25","guid":{"rendered":"http:\/\/www.inter-accion.com.mx\/?p=26679"},"modified":"2019-07-29T17:58:25","modified_gmt":"2019-07-29T22:58:25","slug":"en-ayotzinapa-encontre-una-escuela-muy-violenta-dice-director-en-funciones","status":"publish","type":"post","link":"https:\/\/www.interaccionnoticias.com.mx\/?p=26679","title":{"rendered":"En Ayotzinapa encontr\u00e9 una escuela muy violenta, dice director en funciones"},"content":{"rendered":"<p>Acapulco, Gro. \u2013 El director de la Normal rural de Ayotzinapa \u201cRa\u00fal Isidro Burgos\u201d, V\u00edctor Gerardo D\u00edaz, reconoci\u00f3 que encontr\u00f3 una escuela muy violenta, al tiempo que adelant\u00f3 se construye un edificio para 140 estudiantes.<br \/>\nAdmiti\u00f3 que la tras los hechos del 26 y 27 de septiembre en que desaparecieron los normalistas en Iguala, la normal entr\u00f3 en un \u201camargo suceso de los 43\u201d, y en una din\u00e1mica de movilizaci\u00f3n.<br \/>\nLo cual provoc\u00f3 un desorden en lo acad\u00e9mico y administrativo pues la entrada y salida del personal docente, administrativo y hasta de los mismos alumnos, por lo que se dispuso un reloj digital, para ajustar la normatividad.<br \/>\n\u201cMi inter\u00e9s es mejorar la escuela, yo alcance las glorias de Ayotzinapa, quiero regresar a esas glorias. Un llamado a mis compa\u00f1eros porque yo no vine a pelear con ellos, con mis compa\u00f1eros maestros, si no quieren trabajar, que los dejen.<br \/>\n\u201cHay estudiantes que merecen estar en Ayotzinapa, y Ayotzinapa, los necesita. Sin necesidad de decir nombre, ellos saben (los alumnos) quienes son los flojos, y quienes son los buenos\u201d, expres\u00f3 el tambi\u00e9n egresado normalista y que ahora funge como director de la normal.<\/p>\n","protected":false},"excerpt":{"rendered":"<p>Acapulco, Gro. \u2013 El director de la Normal rural de Ayotzinapa \u201cRa\u00fal Isidro Burgos\u201d, V\u00edctor Gerardo D\u00edaz, reconoci\u00f3 que encontr\u00f3 una escuela muy violenta, al tiempo que adelant\u00f3 se construye&hellip; <\/p>\n","protected":false},"author":1,"featured_media":0,"comment_status":"closed","ping_status":"closed","sticky":false,"template":"","format":"standard","meta":{"fifu_image_url":"","fifu_image_alt":"","footnotes":""},"categories":[6,8],"tags":[],"class_list":["post-26679","post","type-post","status-publish","format-standard","hentry","category-educacion","category-featured"],"_links":{"self":[{"href":"https:\/\/www.interaccionnoticias.com.mx\/index.php?rest_route=\/wp\/v2\/posts\/26679","targetHints":{"allow":["GET"]}}],"collection":[{"href":"https:\/\/www.interaccionnoticias.com.mx\/index.php?rest_route=\/wp\/v2\/posts"}],"about":[{"href":"https:\/\/www.interaccionnoticias.com.mx\/index.php?rest_route=\/wp\/v2\/types\/post"}],"author":[{"embeddable":true,"href":"https:\/\/www.interaccionnoticias.com.mx\/index.php?rest_route=\/wp\/v2\/users\/1"}],"replies":[{"embeddable":true,"href":"https:\/\/www.interaccionnoticias.com.mx\/index.php?rest_route=%2Fwp%2Fv2%2Fcomments&post=26679"}],"version-history":[{"count":0,"href":"https:\/\/www.interaccionnoticias.com.mx\/index.php?rest_route=\/wp\/v2\/posts\/26679\/revisions"}],"wp:attachment":[{"href":"https:\/\/www.interaccionnoticias.com.mx\/index.php?rest_route=%2Fwp%2Fv2%2Fmedia&parent=26679"}],"wp:term":[{"taxonomy":"category","embeddable":true,"href":"https:\/\/www.interaccionnoticias.com.mx\/index.php?rest_route=%2Fwp%2Fv2%2Fcategories&post=26679"},{"taxonomy":"post_tag","embeddable":true,"href":"https:\/\/www.interaccionnoticias.com.mx\/index.php?rest_route=%2Fwp%2Fv2%2Ftags&post=26679"}],"curies":[{"name":"wp","href":"https:\/\/api.w.org\/{rel}","templated":true}]}}