{"id":2664,"date":"2017-03-08T17:13:33","date_gmt":"2017-03-08T23:13:33","guid":{"rendered":"http:\/\/www.inter-accion.com.mx\/?p=2664"},"modified":"2017-03-08T17:13:33","modified_gmt":"2017-03-08T23:13:33","slug":"se-enfrentan-activistas-con-policias-hay-13-detenidos","status":"publish","type":"post","link":"https:\/\/www.interaccionnoticias.com.mx\/?p=2664","title":{"rendered":"Se enfrentan activistas con polic\u00edas, hay 13 detenidos"},"content":{"rendered":"<p><img loading=\"lazy\" decoding=\"async\" src=\"data:image\/gif;base64,R0lGODlhAQABAIAAAAAAAP\/\/\/ywAAAAAAQABAAACAUwAOw==\" fifu-lazy=\"1\" fifu-data-sizes=\"auto\" fifu-data-srcset=\"https:\/\/i1.wp.com\/www.inter-accion.com.mx\/wp-content\/uploads\/2017\/03\/motosierras.jpg?ssl=1&w=75&resize=75&ssl=1 75w, https:\/\/i1.wp.com\/www.inter-accion.com.mx\/wp-content\/uploads\/2017\/03\/motosierras.jpg?ssl=1&w=100&resize=100&ssl=1 100w, https:\/\/i1.wp.com\/www.inter-accion.com.mx\/wp-content\/uploads\/2017\/03\/motosierras.jpg?ssl=1&w=150&resize=150&ssl=1 150w, https:\/\/i1.wp.com\/www.inter-accion.com.mx\/wp-content\/uploads\/2017\/03\/motosierras.jpg?ssl=1&w=240&resize=240&ssl=1 240w, https:\/\/i1.wp.com\/www.inter-accion.com.mx\/wp-content\/uploads\/2017\/03\/motosierras.jpg?ssl=1&w=320&resize=320&ssl=1 320w, https:\/\/i1.wp.com\/www.inter-accion.com.mx\/wp-content\/uploads\/2017\/03\/motosierras.jpg?ssl=1&w=500&resize=500&ssl=1 500w, https:\/\/i1.wp.com\/www.inter-accion.com.mx\/wp-content\/uploads\/2017\/03\/motosierras.jpg?ssl=1&w=640&resize=640&ssl=1 640w, https:\/\/i1.wp.com\/www.inter-accion.com.mx\/wp-content\/uploads\/2017\/03\/motosierras.jpg?ssl=1&w=800&resize=800&ssl=1 800w, https:\/\/i1.wp.com\/www.inter-accion.com.mx\/wp-content\/uploads\/2017\/03\/motosierras.jpg?ssl=1&w=1024&resize=1024&ssl=1 1024w, https:\/\/i1.wp.com\/www.inter-accion.com.mx\/wp-content\/uploads\/2017\/03\/motosierras.jpg?ssl=1&w=1280&resize=1280&ssl=1 1280w, https:\/\/i1.wp.com\/www.inter-accion.com.mx\/wp-content\/uploads\/2017\/03\/motosierras.jpg?ssl=1&w=1600&resize=1600&ssl=1 1600w\" class=\"alignleft size-full wp-image-2667\" fifu-data-src=\"https:\/\/i1.wp.com\/www.inter-accion.com.mx\/wp-content\/uploads\/2017\/03\/motosierras.jpg?ssl=1\" alt=\"\" width=\"768\" height=\"1024\">Integrantes de la organizaci\u00f3n denominada Angel de la Paz se enfrentaron con elementos de la Polic\u00eda del Estado cuando bloqueaban la carretera federal Iguala-Chilpancingo, en la refriega utilizaron motosierras, machetes, petardos y piedras, hasta el momento hay 13 personas detenidas.<br \/>\nLa ma\u00f1ana del mi\u00e9rcoles, al menos 300 integrantes de la organizaci\u00f3n de referencia llegaron a la entrada sur de Iguala de la Independencia, para cerrar la carretera federal en el tramo que permite la comunicaci\u00f3n con Chilpancingo.<br \/>\nLos activistas ten\u00edan en su poder motosierras, machetes, petardos, palos y piedras, con los que amagaron al personal de la polic\u00eda antimotines que lleg\u00f3 a solicitares que abrieran el paso.<br \/>\nPasadas las 12:00 horas, los integrantes de \u201cAngel de la Paz\u201d, con la que se relaciona al ex alcalde de Teloloapan, Pedro Pablo Uriostegui Salgado intentaron desplazarse hacia la caseta de la autopista Iguala-Cuernavaca.<br \/>\nLa polic\u00eda los sigui\u00f3 para evitarles el paso, por lo que el encontronazo fue inminente.<br \/>\nEn Chilpancingo, el gobernador H\u00e9ctor Astudillo Flores inform\u00f3 que los manifestantes exig\u00edan la entrega de 20 mil despensas y 10 mil cobertores, adem\u00e1s de una cantidad de dinero que no especific\u00f3, pero que se requer\u00eda de manera mensual.<br \/>\nEl gobernador manifest\u00f3 que su administraci\u00f3n privilegia la ruta del dialogo con las organizaciones, pero tambi\u00e9n manifest\u00f3 que cerrar las vialidades y perjudicar a terceros no es lo m\u00e1s acertado por parte de las organizaciones.<br \/>\nFuncionarios de la direcci\u00f3n de Gobernaci\u00f3n se\u00f1alaron que los seguidores de Angel de la Paz fueron azuzados por el se\u00f1or Leovigildo Morales Garc\u00e9s, quien exig\u00eda la entrega mensual de 200 mil pesos.<br \/>\nTras la confrontaci\u00f3n, la polic\u00eda detuvo a 13 personas, adem\u00e1s asegur\u00f3 dos motosierras y tres machetes, varios de los capturados reconocieron que tras la organizaci\u00f3n est\u00e1 el ex alcalde de Teloloapan, Pedro Pablo Uriostegui Salgado.<br \/>\nDe los 13 detenidos, se indica que 11 son varones y dos mujeres, una de ellas de solo 14 a\u00f1os de edad.<br \/>\n&nbsp;<\/p>\n","protected":false},"excerpt":{"rendered":"<p>Integrantes de la organizaci\u00f3n denominada Angel de la Paz se enfrentaron con elementos de la Polic\u00eda del Estado cuando bloqueaban la carretera federal Iguala-Chilpancingo, en la refriega utilizaron motosierras, machetes,&hellip; <\/p>\n","protected":false},"author":1,"featured_media":0,"comment_status":"open","ping_status":"open","sticky":false,"template":"","format":"standard","meta":{"fifu_image_url":"","fifu_image_alt":"","footnotes":""},"categories":[8,15],"tags":[],"class_list":["post-2664","post","type-post","status-publish","format-standard","hentry","category-featured","category-movimientos-sociales"],"_links":{"self":[{"href":"https:\/\/www.interaccionnoticias.com.mx\/index.php?rest_route=\/wp\/v2\/posts\/2664","targetHints":{"allow":["GET"]}}],"collection":[{"href":"https:\/\/www.interaccionnoticias.com.mx\/index.php?rest_route=\/wp\/v2\/posts"}],"about":[{"href":"https:\/\/www.interaccionnoticias.com.mx\/index.php?rest_route=\/wp\/v2\/types\/post"}],"author":[{"embeddable":true,"href":"https:\/\/www.interaccionnoticias.com.mx\/index.php?rest_route=\/wp\/v2\/users\/1"}],"replies":[{"embeddable":true,"href":"https:\/\/www.interaccionnoticias.com.mx\/index.php?rest_route=%2Fwp%2Fv2%2Fcomments&post=2664"}],"version-history":[{"count":0,"href":"https:\/\/www.interaccionnoticias.com.mx\/index.php?rest_route=\/wp\/v2\/posts\/2664\/revisions"}],"wp:attachment":[{"href":"https:\/\/www.interaccionnoticias.com.mx\/index.php?rest_route=%2Fwp%2Fv2%2Fmedia&parent=2664"}],"wp:term":[{"taxonomy":"category","embeddable":true,"href":"https:\/\/www.interaccionnoticias.com.mx\/index.php?rest_route=%2Fwp%2Fv2%2Fcategories&post=2664"},{"taxonomy":"post_tag","embeddable":true,"href":"https:\/\/www.interaccionnoticias.com.mx\/index.php?rest_route=%2Fwp%2Fv2%2Ftags&post=2664"}],"curies":[{"name":"wp","href":"https:\/\/api.w.org\/{rel}","templated":true}]}}