{"id":2649,"date":"2017-03-07T19:31:00","date_gmt":"2017-03-08T01:31:00","guid":{"rendered":"http:\/\/www.inter-accion.com.mx\/?p=2649"},"modified":"2017-03-07T19:31:00","modified_gmt":"2017-03-08T01:31:00","slug":"pide-crac-al-congreso-local-no-legislar-al-vapor","status":"publish","type":"post","link":"https:\/\/www.interaccionnoticias.com.mx\/?p=2649","title":{"rendered":"Pide CRAC al Congreso local, no legislar al vapor"},"content":{"rendered":"<p>En las adecuaciones a la Ley 701<br \/>\n&nbsp;<br \/>\nLuego de reunirse con el gobernador H\u00e9ctor Astudillo Flores, representantes de la Coordinadora Regional de Autoridades Comunitarias (CRAC) solicitaron al Congreso local que no legisle al vapor las adecuaciones a la Ley 701, que considera la posibilidad de que los pueblos originarios se organicen para realizar trabajos en materia de seguridad p\u00fablica.<br \/>\nSabas Arturo Espinobarros, representante de la Casa de Justicia de San Luis Acatl\u00e1n, se\u00f1al\u00f3 que en la reuni\u00f3n que este martes sostuvo con el gobernador Astudillo Flores, plantearon muy bien que se revise el art\u00edculo 14 de la Constituci\u00f3n Pol\u00edtica del Estado de Guerrero.<br \/>\nAh\u00ed, dijo que se plantea que las polic\u00edas comunitarias solamente deben atender casos que no entren en el \u00e1mbito del C\u00f3digo de Procedimientos Penales, lo que implica dejar a la CRAC en la ilegalidad, \u201cpues nosotros estamos atendiendo todos los delitos\u201d.<br \/>\nIndic\u00f3 que se solicit\u00f3 al Ejecutivo que se queden en la ley los art\u00edculos 37 y 38, en donde el gobierno estatal reconoce a la CRAC como autoridad encargada de dar seguridad y justicia con base al r\u00e9gimen de usos y costumbres.<br \/>\n\u201cEl articulo 14 nos contradice a la ley 701 para impartir justicia por usos y costumbres en pueblos ind\u00edgenas, tambi\u00e9n al art\u00edculo segundo de la Constituci\u00f3n y al convenio 160 de la Organizaci\u00f3n Internacional del Trabajo (OIT).<br \/>\nJes\u00fas Ram\u00edrez Basurto y C\u00e9sar Ram\u00edrez Bello, otros de los participantes en la reuni\u00f3n de este martes, dijeron que el gobernador se comprometi\u00f3 a revisar el caso de tres promotores comunitarios presos, entre ellos Gonzalo Molina Gonz\u00e1lez y Arturo Campos Herrera.<br \/>\nEl 15 de marzo habr\u00e1 una nueva reuni\u00f3n, en la que se trabajar\u00e1 sobre una redacci\u00f3n que sea factible para todas las partes interesadas.<br \/>\nLos representantes de la CRAC se\u00f1alan que se debe impulsar una consulta real para no trabajar al vapor, ya que los resultados aportados por la comunitaria durante m\u00e1s de 20 a\u00f1os son una garant\u00eda de que los pueblos originarios todav\u00eda tienen mucho que ofrecer en materia de seguridad y justicia, con base al r\u00e9gimen de usos y costumbres.<\/p>\n","protected":false},"excerpt":{"rendered":"<p>En las adecuaciones a la Ley 701 &nbsp; Luego de reunirse con el gobernador H\u00e9ctor Astudillo Flores, representantes de la Coordinadora Regional de Autoridades Comunitarias (CRAC) solicitaron al Congreso local&hellip; <\/p>\n","protected":false},"author":1,"featured_media":0,"comment_status":"open","ping_status":"open","sticky":false,"template":"","format":"standard","meta":{"fifu_image_url":"","fifu_image_alt":"","footnotes":""},"categories":[2,8],"tags":[],"class_list":["post-2649","post","type-post","status-publish","format-standard","hentry","category-congreso","category-featured"],"_links":{"self":[{"href":"https:\/\/www.interaccionnoticias.com.mx\/index.php?rest_route=\/wp\/v2\/posts\/2649","targetHints":{"allow":["GET"]}}],"collection":[{"href":"https:\/\/www.interaccionnoticias.com.mx\/index.php?rest_route=\/wp\/v2\/posts"}],"about":[{"href":"https:\/\/www.interaccionnoticias.com.mx\/index.php?rest_route=\/wp\/v2\/types\/post"}],"author":[{"embeddable":true,"href":"https:\/\/www.interaccionnoticias.com.mx\/index.php?rest_route=\/wp\/v2\/users\/1"}],"replies":[{"embeddable":true,"href":"https:\/\/www.interaccionnoticias.com.mx\/index.php?rest_route=%2Fwp%2Fv2%2Fcomments&post=2649"}],"version-history":[{"count":0,"href":"https:\/\/www.interaccionnoticias.com.mx\/index.php?rest_route=\/wp\/v2\/posts\/2649\/revisions"}],"wp:attachment":[{"href":"https:\/\/www.interaccionnoticias.com.mx\/index.php?rest_route=%2Fwp%2Fv2%2Fmedia&parent=2649"}],"wp:term":[{"taxonomy":"category","embeddable":true,"href":"https:\/\/www.interaccionnoticias.com.mx\/index.php?rest_route=%2Fwp%2Fv2%2Fcategories&post=2649"},{"taxonomy":"post_tag","embeddable":true,"href":"https:\/\/www.interaccionnoticias.com.mx\/index.php?rest_route=%2Fwp%2Fv2%2Ftags&post=2649"}],"curies":[{"name":"wp","href":"https:\/\/api.w.org\/{rel}","templated":true}]}}