{"id":26447,"date":"2019-07-16T19:41:24","date_gmt":"2019-07-17T00:41:24","guid":{"rendered":"http:\/\/www.inter-accion.com.mx\/?p=26447"},"modified":"2019-07-16T19:41:24","modified_gmt":"2019-07-17T00:41:24","slug":"no-hay-nada-raro-con-los-siervos-de-la-nacion-senala-delegado-federal","status":"publish","type":"post","link":"https:\/\/www.interaccionnoticias.com.mx\/?p=26447","title":{"rendered":"\u201cNo hay nada raro con los Siervos de la Naci\u00f3n\u201d, se\u00f1ala delegado federal"},"content":{"rendered":"<p><strong>Aunque admite que tienen una multiplicidad de tareas<\/strong><br \/>\nEl delegado en Guerrero del Gobierno federal, Pablo Amilcar Sandoval Ballesteros sostuvo que no hay \u201cnada raro\u201d con los Servidores de la Naci\u00f3n, los que indic\u00f3; son empleados del gobierno federal, pero no operadores pol\u00edticos de Morena.<br \/>\nLa semana pasada, el coordinador de la fracci\u00f3n parlamentaria del PRI en el Congreso local, H\u00e9ctor Apreza Patr\u00f3n cuestion\u00f3 la legalidad bajo la que operan los servidores de la naci\u00f3n, al se\u00f1alar que carecen de un marco legal que justifique su forma de operaci\u00f3n.<br \/>\n\u201cSon empleados de la Secretar\u00eda de Bienestar, no hay ninguna cuesti\u00f3n rara en ellos\u201d, dijo Sandoval Ballesteros.<br \/>\nA pregunta expresa, indic\u00f3 que en Guerrero hay un promedio de 900 servidores de la naci\u00f3n realizando diferentes tareas.<br \/>\nExplic\u00f3: \u201cEllos tienen una multiplicidad de tareas, pero no tienen un matiz pol\u00edtico\u201d.<br \/>\nAclar\u00f3 que los servidores de la naci\u00f3n no son los protagonistas del cambio verdadero, estructura que promovi\u00f3 la campa\u00f1a presidencial de Andr\u00e9s Manuel L\u00f3pez Obrador, actual jefe del Ejecutivo federal.<br \/>\nDijo que los promotores del cambio verdadero siguen trabajando en las estructuras de Morena, en tanto que los servidores trabajan dentro del Gobierno de la Rep\u00fablica.<\/p>\n","protected":false},"excerpt":{"rendered":"<p>Aunque admite que tienen una multiplicidad de tareas El delegado en Guerrero del Gobierno federal, Pablo Amilcar Sandoval Ballesteros sostuvo que no hay \u201cnada raro\u201d con los Servidores de la&hellip; <\/p>\n","protected":false},"author":1,"featured_media":0,"comment_status":"closed","ping_status":"closed","sticky":false,"template":"","format":"standard","meta":{"fifu_image_url":"","fifu_image_alt":"","footnotes":""},"categories":[8,18],"tags":[],"class_list":["post-26447","post","type-post","status-publish","format-standard","hentry","category-featured","category-partidos-politicos"],"_links":{"self":[{"href":"https:\/\/www.interaccionnoticias.com.mx\/index.php?rest_route=\/wp\/v2\/posts\/26447","targetHints":{"allow":["GET"]}}],"collection":[{"href":"https:\/\/www.interaccionnoticias.com.mx\/index.php?rest_route=\/wp\/v2\/posts"}],"about":[{"href":"https:\/\/www.interaccionnoticias.com.mx\/index.php?rest_route=\/wp\/v2\/types\/post"}],"author":[{"embeddable":true,"href":"https:\/\/www.interaccionnoticias.com.mx\/index.php?rest_route=\/wp\/v2\/users\/1"}],"replies":[{"embeddable":true,"href":"https:\/\/www.interaccionnoticias.com.mx\/index.php?rest_route=%2Fwp%2Fv2%2Fcomments&post=26447"}],"version-history":[{"count":0,"href":"https:\/\/www.interaccionnoticias.com.mx\/index.php?rest_route=\/wp\/v2\/posts\/26447\/revisions"}],"wp:attachment":[{"href":"https:\/\/www.interaccionnoticias.com.mx\/index.php?rest_route=%2Fwp%2Fv2%2Fmedia&parent=26447"}],"wp:term":[{"taxonomy":"category","embeddable":true,"href":"https:\/\/www.interaccionnoticias.com.mx\/index.php?rest_route=%2Fwp%2Fv2%2Fcategories&post=26447"},{"taxonomy":"post_tag","embeddable":true,"href":"https:\/\/www.interaccionnoticias.com.mx\/index.php?rest_route=%2Fwp%2Fv2%2Ftags&post=26447"}],"curies":[{"name":"wp","href":"https:\/\/api.w.org\/{rel}","templated":true}]}}