{"id":26441,"date":"2019-07-16T16:07:09","date_gmt":"2019-07-16T21:07:09","guid":{"rendered":"http:\/\/www.inter-accion.com.mx\/?p=26441"},"modified":"2019-07-16T16:07:09","modified_gmt":"2019-07-16T21:07:09","slug":"bajo-resguardo-de-la-fge-aparece-director-del-coro-de-la-uagro","status":"publish","type":"post","link":"https:\/\/www.interaccionnoticias.com.mx\/?p=26441","title":{"rendered":"Bajo resguardo de la FGE, aparece director del coro de la UAGro"},"content":{"rendered":"<p><strong>Fue reportado como desaparecido por sus familiares<\/strong><br \/>\nA tres d\u00edas de que su familia lo reportara como desaparecido, el director del coro de la Universidad Aut\u00f3noma de Guerrero (UAGro), Jos\u00e9 Trinidad Memije Rom\u00e1n fue localizado en poder de la Fiscal\u00eda General del Estado (FGE), que lo mantiene bajo resguardo a partir de que existe una orden de aprehensi\u00f3n en su contra.<br \/>\nDe acuerdo con un comunicado emitido por la FGE, el acad\u00e9mico de la m\u00e1xima casa de estudios fue interceptado por integrantes de la Polic\u00eda Comunitaria de Petaquillas, ubicada al sur de la cabecera municipal de Chilpancingo.<br \/>\nEl profesor circulaba a bordo de un veh\u00edculo tipo jetta de color blanco, los polic\u00edas comunitarios lo trasladaron a la sede del consejo de su Polic\u00eda Comunitaria, quienes determinaron ponerlo a disposici\u00f3n de la autoridad judicial y no reeducarlo por usos y costumbres, a partir de que no es de origen ind\u00edgena.<br \/>\nTambi\u00e9n fueron informados de que Trinidad Memije cuenta con una orden de aprehensi\u00f3n, raz\u00f3n por la que fue canalizado a las autoridades.<br \/>\nEn el comunicado emitido la tarde del martes, se anota que Jos\u00e9 Trinidad se encuentra sano y ser\u00e1 puesto a disposici\u00f3n de la autoridad judicial que lo requiere, con el agregado de que se respetar\u00e1n sus derechos fundamentales, para que sea dicha instancia la que determine su situaci\u00f3n jur\u00eddica.<br \/>\nLa ma\u00f1ana del martes 16 de julio, un grupo de estudiantes de la UAGro recorri\u00f3 varias estaciones de radio para se\u00f1alar que el profesor es una persona honorable y que no se le conoc\u00eda ning\u00fan problema de tipo personal, por lo que realizar\u00edan varias marchas para exigir su liberaci\u00f3n.<\/p>\n","protected":false},"excerpt":{"rendered":"<p>Fue reportado como desaparecido por sus familiares A tres d\u00edas de que su familia lo reportara como desaparecido, el director del coro de la Universidad Aut\u00f3noma de Guerrero (UAGro), Jos\u00e9&hellip; <\/p>\n","protected":false},"author":1,"featured_media":0,"comment_status":"closed","ping_status":"closed","sticky":false,"template":"","format":"standard","meta":{"fifu_image_url":"","fifu_image_alt":"","footnotes":""},"categories":[8,27],"tags":[],"class_list":["post-26441","post","type-post","status-publish","format-standard","hentry","category-featured","category-seguridad-publica"],"_links":{"self":[{"href":"https:\/\/www.interaccionnoticias.com.mx\/index.php?rest_route=\/wp\/v2\/posts\/26441","targetHints":{"allow":["GET"]}}],"collection":[{"href":"https:\/\/www.interaccionnoticias.com.mx\/index.php?rest_route=\/wp\/v2\/posts"}],"about":[{"href":"https:\/\/www.interaccionnoticias.com.mx\/index.php?rest_route=\/wp\/v2\/types\/post"}],"author":[{"embeddable":true,"href":"https:\/\/www.interaccionnoticias.com.mx\/index.php?rest_route=\/wp\/v2\/users\/1"}],"replies":[{"embeddable":true,"href":"https:\/\/www.interaccionnoticias.com.mx\/index.php?rest_route=%2Fwp%2Fv2%2Fcomments&post=26441"}],"version-history":[{"count":0,"href":"https:\/\/www.interaccionnoticias.com.mx\/index.php?rest_route=\/wp\/v2\/posts\/26441\/revisions"}],"wp:attachment":[{"href":"https:\/\/www.interaccionnoticias.com.mx\/index.php?rest_route=%2Fwp%2Fv2%2Fmedia&parent=26441"}],"wp:term":[{"taxonomy":"category","embeddable":true,"href":"https:\/\/www.interaccionnoticias.com.mx\/index.php?rest_route=%2Fwp%2Fv2%2Fcategories&post=26441"},{"taxonomy":"post_tag","embeddable":true,"href":"https:\/\/www.interaccionnoticias.com.mx\/index.php?rest_route=%2Fwp%2Fv2%2Ftags&post=26441"}],"curies":[{"name":"wp","href":"https:\/\/api.w.org\/{rel}","templated":true}]}}