{"id":26420,"date":"2019-07-14T19:50:11","date_gmt":"2019-07-15T00:50:11","guid":{"rendered":"http:\/\/www.inter-accion.com.mx\/?p=26420"},"modified":"2019-07-14T19:50:11","modified_gmt":"2019-07-15T00:50:11","slug":"yo-no-soy-copion-aclara-diputado-federal-de-morena","status":"publish","type":"post","link":"https:\/\/www.interaccionnoticias.com.mx\/?p=26420","title":{"rendered":"&quot;Yo no soy copi\u00f3n&quot;, aclara diputado federal de Morena"},"content":{"rendered":"<p><strong>Dice que la reforma al Poder Judicial va a fondo<\/strong><br \/>\nRub\u00e9n Cayetano Garc\u00eda, diputado federal por Morena inform\u00f3 que el proceso para reformar la ley y refundar el poder judicial del estado de Guerrero lleva un avance considerable y permitir\u00e1 democratizar la elecci\u00f3n de los magistrados.<br \/>\nSobre esa propuesta de refundaci\u00f3n del poder judicial del estado, refiri\u00f3 que registra un avance importante en la recolecci\u00f3n de firmas, \u201cYa rebasamos las mil firmas y apenas llevo 5 distritos recorridos, y los m\u00f3dulos se quedan instalados en las cabeceras distritales, as\u00ed que vamos a superar las cinco mil que manda la ley\u201c, asegur\u00f3.<br \/>\nAgreg\u00f3 que adem\u00e1s del poder judicial su propuesta se extiende a otras instancias como la Fiscal\u00eda General del estado, el Tribunal De Justicia Administrativa, y tres dependencias m\u00e1s.<br \/>\nAdelant\u00f3 que cuando concluya ese proceso y est\u00e9 lista la reforma a la ley, \u201cse van a elegir democr\u00e1ticamente los magistrados, y al presidente del tribunal lo van a nombrar los servidores p\u00fablicos del poder judicial, no el gobernador en turno\u201d.<br \/>\nSobre la informaci\u00f3n que trascendi\u00f3 recientemente, en el sentido de que el diputado local morenista, Marco Antonio Cabada Arias, copia leyes de otros estados y las presenta en la c\u00e1mara de diputados de Guerrero como propias, evadi\u00f3: \u201ceso no lo s\u00e9 yo\u201d.<br \/>\n-\u00bfY a usted no le pasa?, se le cuestion\u00f3.<br \/>\nSi pasara ser\u00eda sancionado, nosotros no somos copiones. Somos aut\u00e9nticos.<br \/>\nAl insistir en conocer su opini\u00f3n sobre el particular, s\u00f3lo pidi\u00f3 que los involucrados lo aclaren, \u201cno puedo opinar sobre eso, adem\u00e1s mi funci\u00f3n es federal\u201d.<br \/>\n-\u00bfDe comprob\u00e1rselo que es cierto, el diputado Cabada deber\u00eda ser sancionado?<br \/>\nHabr\u00eda que revisar la ley, yo no me puedo atrever a decir de manera categ\u00f3rica algo as\u00ed.<br \/>\nEl legislador federal fue abordado cuando concluy\u00f3 uno de los dos eventos organizados por grupos de l\u00edderes morenista para conmemorar el 5\u00ba aniversario de la fundaci\u00f3n de ese partido.<br \/>\nEn su intervenci\u00f3n, el secretario general de Morena en Guerrero, Marcial Rodr\u00edguez Salda\u00f1a convoc\u00f3 a la unidad de la militancia, sin embargo el festejo se dividi\u00f3 en dos, por un lado el grupo que lidera el delegado federal, Pablo Amilcar Sandoval, y por otro lado el que encabeza Rodr\u00edguez Salda\u00f1a.<br \/>\nAl respecto el diputado Cayetano Garc\u00eda opin\u00f3 que \u201cnos vamos a unir, cuando ya se trate de procesos electorales. Todos est\u00e1n haciendo su trabajo. Unos simpatizan con uno, otros con otro, pero es normal en democracia, pero ya cuando nos enfrentemos a la oligarqu\u00eda, a los machuchones y camajanes nos vamos a unir todos\u201d.<br \/>\nY asegur\u00f3 que no pertenece a ninguno de los grupos que se conformaron al interior del mismo partido: \u201cyo no pertenezco a ning\u00fan grupo, yo vine aqu\u00ed porque me invitaron, si me hubieran invitado al otro lado, tambi\u00e9n voy. No pertenezco a ning\u00fan grupo y a nadie le rindo pleites\u00eda, ni a L\u00f3pez Obrador, solo al pueblo\u201d.<\/p>\n","protected":false},"excerpt":{"rendered":"<p>Dice que la reforma al Poder Judicial va a fondo Rub\u00e9n Cayetano Garc\u00eda, diputado federal por Morena inform\u00f3 que el proceso para reformar la ley y refundar el poder judicial&hellip; <\/p>\n","protected":false},"author":1,"featured_media":0,"comment_status":"closed","ping_status":"closed","sticky":false,"template":"","format":"standard","meta":{"fifu_image_url":"","fifu_image_alt":"","footnotes":""},"categories":[8,18],"tags":[],"class_list":["post-26420","post","type-post","status-publish","format-standard","hentry","category-featured","category-partidos-politicos"],"_links":{"self":[{"href":"https:\/\/www.interaccionnoticias.com.mx\/index.php?rest_route=\/wp\/v2\/posts\/26420","targetHints":{"allow":["GET"]}}],"collection":[{"href":"https:\/\/www.interaccionnoticias.com.mx\/index.php?rest_route=\/wp\/v2\/posts"}],"about":[{"href":"https:\/\/www.interaccionnoticias.com.mx\/index.php?rest_route=\/wp\/v2\/types\/post"}],"author":[{"embeddable":true,"href":"https:\/\/www.interaccionnoticias.com.mx\/index.php?rest_route=\/wp\/v2\/users\/1"}],"replies":[{"embeddable":true,"href":"https:\/\/www.interaccionnoticias.com.mx\/index.php?rest_route=%2Fwp%2Fv2%2Fcomments&post=26420"}],"version-history":[{"count":0,"href":"https:\/\/www.interaccionnoticias.com.mx\/index.php?rest_route=\/wp\/v2\/posts\/26420\/revisions"}],"wp:attachment":[{"href":"https:\/\/www.interaccionnoticias.com.mx\/index.php?rest_route=%2Fwp%2Fv2%2Fmedia&parent=26420"}],"wp:term":[{"taxonomy":"category","embeddable":true,"href":"https:\/\/www.interaccionnoticias.com.mx\/index.php?rest_route=%2Fwp%2Fv2%2Fcategories&post=26420"},{"taxonomy":"post_tag","embeddable":true,"href":"https:\/\/www.interaccionnoticias.com.mx\/index.php?rest_route=%2Fwp%2Fv2%2Ftags&post=26420"}],"curies":[{"name":"wp","href":"https:\/\/api.w.org\/{rel}","templated":true}]}}