{"id":26417,"date":"2019-07-14T19:37:06","date_gmt":"2019-07-15T00:37:06","guid":{"rendered":"http:\/\/www.inter-accion.com.mx\/?p=26417"},"modified":"2019-07-14T19:37:06","modified_gmt":"2019-07-15T00:37:06","slug":"regresan-a-sus-casas-tres-sobrevivientes-a-emboscada-en-chilapa","status":"publish","type":"post","link":"https:\/\/www.interaccionnoticias.com.mx\/?p=26417","title":{"rendered":"Regresan a sus casas tres sobrevivientes a emboscada en Chilapa"},"content":{"rendered":"<p><strong>Son integrantes del FDP, escaparon de la emboscada en la que una mujer muri\u00f3 y seis personas resultaron heridas <\/strong><br \/>\nA tres d\u00edas de ser atados a balazos, tres integrantes del Frente de Defensa Popular (FDP) regresaron con sus familias, en la comunidad de San Jer\u00f3nimo Palantla, municipio de Chilapa de \u00c1lvarez.<br \/>\nV\u00eda telef\u00f3nica, Clemencia Guevara Tejedor, dirigente del FDP confirm\u00f3 que sus compa\u00f1eros Constantino Calvario Merino, Antonio Bola\u00f1os Calvario y Venancio Orjin Tepexco, sobrevivientes de la balacera del jueves 11 de julio, ya estaban con sus familias, despu\u00e9s de permanecer tres d\u00edas en calidad de desaparecidos.<br \/>\nEllos escaparon corriendo de la zona en que civiles armados les cerraron el paso y los emboscaron, cuando regresaban de realizar diferentes actividades en Chilpancingo.<br \/>\nEn ese hecho fue asesinada a la se\u00f1ora Salvadora S\u00e1nchez y dieron por muerta a otra mujer m\u00e1s, que actualmente est\u00e1 hospitalizada.<br \/>\nConstantino Calvario fue quien dio parte a la organizaci\u00f3n de lo que hab\u00eda sucedido, despu\u00e9s se le descarg\u00f3 el celular y anduvo en el monte escondido, para evitar que sus agresores lo capturaran.<br \/>\nLa jornada del s\u00e1bado 13 de julio, varios integrantes del FDP; entre ellos Guevara Tejedor estuvieron en San Jer\u00f3nimo Palantla, para tomar parte del funeral de la se\u00f1ora Salvadora S\u00e1nchez.<br \/>\nLa dirigente del FDP anticip\u00f3 que en el transcurso de esta semana se van a desarrollar varias actividades encaminadas a reclamar justicia, porque hasta el momento no perciben que haya un esfuerzo real, en la ruta por pacificar la vida entre los pueblos de la Monta\u00f1a baja de Guerrero.<\/p>\n","protected":false},"excerpt":{"rendered":"<p>Son integrantes del FDP, escaparon de la emboscada en la que una mujer muri\u00f3 y seis personas resultaron heridas A tres d\u00edas de ser atados a balazos, tres integrantes del&hellip; <\/p>\n","protected":false},"author":1,"featured_media":0,"comment_status":"closed","ping_status":"closed","sticky":false,"template":"","format":"standard","meta":{"fifu_image_url":"","fifu_image_alt":"","footnotes":""},"categories":[8,27],"tags":[],"class_list":["post-26417","post","type-post","status-publish","format-standard","hentry","category-featured","category-seguridad-publica"],"_links":{"self":[{"href":"https:\/\/www.interaccionnoticias.com.mx\/index.php?rest_route=\/wp\/v2\/posts\/26417","targetHints":{"allow":["GET"]}}],"collection":[{"href":"https:\/\/www.interaccionnoticias.com.mx\/index.php?rest_route=\/wp\/v2\/posts"}],"about":[{"href":"https:\/\/www.interaccionnoticias.com.mx\/index.php?rest_route=\/wp\/v2\/types\/post"}],"author":[{"embeddable":true,"href":"https:\/\/www.interaccionnoticias.com.mx\/index.php?rest_route=\/wp\/v2\/users\/1"}],"replies":[{"embeddable":true,"href":"https:\/\/www.interaccionnoticias.com.mx\/index.php?rest_route=%2Fwp%2Fv2%2Fcomments&post=26417"}],"version-history":[{"count":0,"href":"https:\/\/www.interaccionnoticias.com.mx\/index.php?rest_route=\/wp\/v2\/posts\/26417\/revisions"}],"wp:attachment":[{"href":"https:\/\/www.interaccionnoticias.com.mx\/index.php?rest_route=%2Fwp%2Fv2%2Fmedia&parent=26417"}],"wp:term":[{"taxonomy":"category","embeddable":true,"href":"https:\/\/www.interaccionnoticias.com.mx\/index.php?rest_route=%2Fwp%2Fv2%2Fcategories&post=26417"},{"taxonomy":"post_tag","embeddable":true,"href":"https:\/\/www.interaccionnoticias.com.mx\/index.php?rest_route=%2Fwp%2Fv2%2Ftags&post=26417"}],"curies":[{"name":"wp","href":"https:\/\/api.w.org\/{rel}","templated":true}]}}