{"id":26407,"date":"2019-07-14T16:19:56","date_gmt":"2019-07-14T21:19:56","guid":{"rendered":"http:\/\/www.inter-accion.com.mx\/?p=26407"},"modified":"2019-07-14T16:19:56","modified_gmt":"2019-07-14T21:19:56","slug":"dan-prision-preventiva-a-madre-de-nina-de-tres-anos-asesinada-en-chilpancingo","status":"publish","type":"post","link":"https:\/\/www.interaccionnoticias.com.mx\/?p=26407","title":{"rendered":"Dan prisi\u00f3n preventiva a madre de ni\u00f1a de tres a\u00f1os asesinada en Chilpancingo"},"content":{"rendered":"<p><strong>Irina \u201cN\u201d estaba detenida desde el viernes 12 de julio<\/strong><br \/>\nLa Fiscal\u00eda General del Estado (FGE) logr\u00f3 que se vinculara a proceso y dictara prisi\u00f3n preventiva en contra de la joven Irina \u201cN\u201d, presunta responsable del asesinato de su hija, la ni\u00f1a de tres a\u00f1os Am\u00e9rica Irani \u201cN\u201d, en un hecho registrado en Chilpancingo.<br \/>\nLa jornada del domingo 14 de julio, se confirm\u00f3 que el Juez obsequi\u00f3 la orden de aprehensi\u00f3n que permiti\u00f3 a la Polic\u00eda Investigadora Ministerial (PIM) cumplimentar el mandato judicial en contra de Irina \u00abN\u00bb, a quien se imputa el homicidio de su peque\u00f1a hija.<br \/>\nCon base a la carpeta judicial CJ-91\/2019, se anota que en una audiencia inicial, el Juez de control dict\u00f3 la vinculaci\u00f3n a proceso e impuso la medida cautelar de prisi\u00f3n preventiva oficiosa en contra de la joven madre.<br \/>\nEn el expediente se anota que fue el pasado 10 de julio cuando se tuvo conocimiento del hecho, cuando la se\u00f1ora Irina propin\u00f3 un golpe a la v\u00edctima con un pedazo de madera.<br \/>\nDespu\u00e9s del hecho, se traslad\u00f3 a la casa de su madre, abuela de la menor, ubicado en la colonia Caminos, sobre el antiguo libramiento a Tixtla para dejar el peque\u00f1o cad\u00e1ver, al que tambi\u00e9n se le observaban quemaduras y cicatrices en diferentes partes.<br \/>\nLa ma\u00f1ana del viernes 12 de julio, el titular de la FGE, Jorge Zuriel de los Santos Barrilla confirm\u00f3 que la mujer hab\u00eda sido detenida, pero indic\u00f3 que apenas estaba en el inicio del procedimiento judicial.<br \/>\nEste domingo, el Juez de Control y Enjuiciamiento Penal del Distrito Judicial de los Bravo vincul\u00f3 a proceso a la madre de la menor, adem\u00e1s decret\u00f3 tres meses de investigaci\u00f3n complementaria.<\/p>\n","protected":false},"excerpt":{"rendered":"<p>Irina \u201cN\u201d estaba detenida desde el viernes 12 de julio La Fiscal\u00eda General del Estado (FGE) logr\u00f3 que se vinculara a proceso y dictara prisi\u00f3n preventiva en contra de la&hellip; <\/p>\n","protected":false},"author":1,"featured_media":0,"comment_status":"closed","ping_status":"closed","sticky":false,"template":"","format":"standard","meta":{"fifu_image_url":"","fifu_image_alt":"","footnotes":""},"categories":[8,27],"tags":[],"class_list":["post-26407","post","type-post","status-publish","format-standard","hentry","category-featured","category-seguridad-publica"],"_links":{"self":[{"href":"https:\/\/www.interaccionnoticias.com.mx\/index.php?rest_route=\/wp\/v2\/posts\/26407","targetHints":{"allow":["GET"]}}],"collection":[{"href":"https:\/\/www.interaccionnoticias.com.mx\/index.php?rest_route=\/wp\/v2\/posts"}],"about":[{"href":"https:\/\/www.interaccionnoticias.com.mx\/index.php?rest_route=\/wp\/v2\/types\/post"}],"author":[{"embeddable":true,"href":"https:\/\/www.interaccionnoticias.com.mx\/index.php?rest_route=\/wp\/v2\/users\/1"}],"replies":[{"embeddable":true,"href":"https:\/\/www.interaccionnoticias.com.mx\/index.php?rest_route=%2Fwp%2Fv2%2Fcomments&post=26407"}],"version-history":[{"count":0,"href":"https:\/\/www.interaccionnoticias.com.mx\/index.php?rest_route=\/wp\/v2\/posts\/26407\/revisions"}],"wp:attachment":[{"href":"https:\/\/www.interaccionnoticias.com.mx\/index.php?rest_route=%2Fwp%2Fv2%2Fmedia&parent=26407"}],"wp:term":[{"taxonomy":"category","embeddable":true,"href":"https:\/\/www.interaccionnoticias.com.mx\/index.php?rest_route=%2Fwp%2Fv2%2Fcategories&post=26407"},{"taxonomy":"post_tag","embeddable":true,"href":"https:\/\/www.interaccionnoticias.com.mx\/index.php?rest_route=%2Fwp%2Fv2%2Ftags&post=26407"}],"curies":[{"name":"wp","href":"https:\/\/api.w.org\/{rel}","templated":true}]}}