{"id":26302,"date":"2019-07-10T19:54:33","date_gmt":"2019-07-11T00:54:33","guid":{"rendered":"http:\/\/www.inter-accion.com.mx\/?p=26302"},"modified":"2019-07-10T19:54:33","modified_gmt":"2019-07-11T00:54:33","slug":"con-banda-de-guerra-conmemoran-la-creacion-del-sindicato-minero-en-taxco","status":"publish","type":"post","link":"https:\/\/www.interaccionnoticias.com.mx\/?p=26302","title":{"rendered":"Con banda de guerra conmemoran la creaci\u00f3n del sindicato minero en Taxco"},"content":{"rendered":"<p>Con una Misa de Acci\u00f3n de Gracias en la Parroquia de Santa Prisca y San Sebasti\u00e1n, un recorrido por las principales calles de Taxco acompa\u00f1ados por la banda de guerra y la colocaci\u00f3n de una ofrenda floral en el monumento al minero, obreros de la secci\u00f3n 17 en huelga conmemorar\u00e1n este jueves el 85 aniversario de la creaci\u00f3n de su secci\u00f3n y del Sindicato Nacional de Trabajadores Mineros, Metal\u00fargicos, Sider\u00fargicos y Similares de la Rep\u00fablica Mexicana.<br \/>\nAdem\u00e1s, se llevar\u00e1 a cabo el Primer Concurso de Historia Oral \u201cLos Mineros Toman la Palabra\u201d donde los participantes presentar\u00e1n los testimonios de vida de los obreros que ser\u00e1n publicados en varios libros, con el objetivo de dignificar al trabajador minero desde la narraci\u00f3n de su forma de vida en todos sus aspectos, antes de ingresar a la empresa, sus experiencias y actividades laborales, accidentes y enfermedades.<br \/>\nDe acuerdo con integrantes del comit\u00e9 organizador, este jueves por la ma\u00f1ana los mineros en huelga estar\u00e1n presentes en la celebraci\u00f3n religiosa donde se dar\u00e1 gracias por los primeros 85 a\u00f1os de vida de su sindicato nacional y la fortaleza que han recibido de Dios para aguantar el golpeteo pol\u00edtico, laboral y econ\u00f3mico de los gobiernos federales de Vicente Fox Quezada y Felipe Calder\u00f3n Hinojosa del PAN, as\u00ed como de Enrique Pe\u00f1a Nieto del PRI, en busca de exterminarlos.<br \/>\nAl finalizar la ceremonia cat\u00f3lica, los obreros de la secci\u00f3n 17 marchar\u00e1n por las principales calles de la ciudad con direcci\u00f3n al punto de la \u201cGarita\u201d donde se ubica el monumento al minero para colocar una ofrenda floral, como una se\u00f1al de unidad sindical y para mantenerse en resistencia civil en busca de resolver la huelga que a finales de Julio estar\u00eda cumpliendo 12 a\u00f1os.<br \/>\nEn su recorrido que llegar\u00e1 hasta la sede del sindicato minero, los trabajadores metal\u00fargicos dar\u00e1n lectura al acta constitutiva que dio origen a su gremio a nivel nacional, pero tambi\u00e9n har\u00e1n un recuento de los da\u00f1os ocasionados por el propietario de la empresa minera \u201cGrupo M\u00e9xico\u201d, Germ\u00e1n Larrea Mota Velasco, quien se confabul\u00f3 con los gobiernos federales panistas y el priista para desconocer a su sindicato y exterminar a los trabajadores.<br \/>\n\u201cHan sido muchos los agravios causados por el empresario, pues se han perdido cientos de empleos en 12 a\u00f1os de huelga, varios compa\u00f1eros han enfermado y algunos de nuestros hijos tuvieron que abandonar la escuela por la falta de dinero para estudiar\u201d, narraron las esposas de los obreros en huelga quienes se dijeron listas para salir a marchar.<br \/>\nRecordaron que en el sexenio panista de Calder\u00f3n Hinojosa los entonces secretarios de gobernaci\u00f3n y del trabajo, Alberto G\u00f3mez Mont y Javier Lozano, respectivamente, se declararon enemigos p\u00fablicos del sindicato nacional minero y realizaron una serie de tropel\u00edas jur\u00eddicas para alargar el conflicto huelguista y favorecer a Germ\u00e1n Larrea Mota Velasco, lo mismo que en el mandato tricolor de Pe\u00f1a Nieto.<br \/>\nSe refirieron al Primer Concurso de Historia Oral \u201cLos Mineros Toman la Palabra\u201d, donde los concursantes plasmar\u00e1n la experiencia organizativa de los mineros como las huelgas, resistencia, propaganda, educaci\u00f3n y acci\u00f3n sindical y como premio se otorgar\u00e1n medallas de plata a los tres primeros lugares del certamen.<\/p>\n","protected":false},"excerpt":{"rendered":"<p>Con una Misa de Acci\u00f3n de Gracias en la Parroquia de Santa Prisca y San Sebasti\u00e1n, un recorrido por las principales calles de Taxco acompa\u00f1ados por la banda de guerra&hellip; <\/p>\n","protected":false},"author":1,"featured_media":0,"comment_status":"closed","ping_status":"closed","sticky":false,"template":"","format":"standard","meta":{"fifu_image_url":"","fifu_image_alt":"","footnotes":""},"categories":[8,23],"tags":[],"class_list":["post-26302","post","type-post","status-publish","format-standard","hentry","category-featured","category-regionales"],"_links":{"self":[{"href":"https:\/\/www.interaccionnoticias.com.mx\/index.php?rest_route=\/wp\/v2\/posts\/26302","targetHints":{"allow":["GET"]}}],"collection":[{"href":"https:\/\/www.interaccionnoticias.com.mx\/index.php?rest_route=\/wp\/v2\/posts"}],"about":[{"href":"https:\/\/www.interaccionnoticias.com.mx\/index.php?rest_route=\/wp\/v2\/types\/post"}],"author":[{"embeddable":true,"href":"https:\/\/www.interaccionnoticias.com.mx\/index.php?rest_route=\/wp\/v2\/users\/1"}],"replies":[{"embeddable":true,"href":"https:\/\/www.interaccionnoticias.com.mx\/index.php?rest_route=%2Fwp%2Fv2%2Fcomments&post=26302"}],"version-history":[{"count":0,"href":"https:\/\/www.interaccionnoticias.com.mx\/index.php?rest_route=\/wp\/v2\/posts\/26302\/revisions"}],"wp:attachment":[{"href":"https:\/\/www.interaccionnoticias.com.mx\/index.php?rest_route=%2Fwp%2Fv2%2Fmedia&parent=26302"}],"wp:term":[{"taxonomy":"category","embeddable":true,"href":"https:\/\/www.interaccionnoticias.com.mx\/index.php?rest_route=%2Fwp%2Fv2%2Fcategories&post=26302"},{"taxonomy":"post_tag","embeddable":true,"href":"https:\/\/www.interaccionnoticias.com.mx\/index.php?rest_route=%2Fwp%2Fv2%2Ftags&post=26302"}],"curies":[{"name":"wp","href":"https:\/\/api.w.org\/{rel}","templated":true}]}}