{"id":26288,"date":"2019-07-09T20:27:14","date_gmt":"2019-07-10T01:27:14","guid":{"rendered":"http:\/\/www.inter-accion.com.mx\/?p=26288"},"modified":"2019-07-09T20:27:14","modified_gmt":"2019-07-10T01:27:14","slug":"abandonan-cadaver-dentro-de-un-taxi-en-chilpancingo","status":"publish","type":"post","link":"https:\/\/www.interaccionnoticias.com.mx\/?p=26288","title":{"rendered":"Abandonan cad\u00e1ver dentro de un taxi, en Chilpancingo"},"content":{"rendered":"<p>La polic\u00eda encontr\u00f3 un cad\u00e1ver de var\u00f3n en el asiento trasero del taxi 688, el cual fue abandonado sobre la lateral sur-norte del bulevar Vicente Guerrero, cerca de la 35 Zona militar.<br \/>\nPasado el mediod\u00eda, la Polic\u00eda del Estado confirm\u00f3 el hallazgo de la unidad tipo Chevy, modelo pasado, sin placas de circulaci\u00f3n y con el n\u00famero econ\u00f3mico 688, mismo que encontraba abandonado sobre la lateral sur-norte del bulevar Vicente Guerero.<br \/>\nEl veh\u00edculo fue estacionado casi frente a las instalaciones del Instituto de Vivienda y Suelo Urbano (Invisur), a poca distancias del cuartel del 50 batall\u00f3n de infanter\u00eda, donde actualmente se encuentra el personal de la Guardia Nacional que recientemente fue presentado por las autoridades federales.<br \/>\nAl revisar la unidad, elementos de la Polic\u00eda del Estado observaron un cad\u00e1ver de var\u00f3n recostado en la parte trasera, por lo que dieron parte a la Fiscal\u00eda General del Estado (FGE) y al Servicio M\u00e9dico Forense (Semefo).<br \/>\nEl cuerpo fue enviado a la morgue en calidad de desconocido, lugar en el que se le practic\u00f3 la necropsia de ley.<\/p>\n","protected":false},"excerpt":{"rendered":"<p>La polic\u00eda encontr\u00f3 un cad\u00e1ver de var\u00f3n en el asiento trasero del taxi 688, el cual fue abandonado sobre la lateral sur-norte del bulevar Vicente Guerrero, cerca de la 35&hellip; <\/p>\n","protected":false},"author":1,"featured_media":0,"comment_status":"closed","ping_status":"closed","sticky":false,"template":"","format":"standard","meta":{"fifu_image_url":"","fifu_image_alt":"","footnotes":""},"categories":[8,27],"tags":[99,176],"class_list":["post-26288","post","type-post","status-publish","format-standard","hentry","category-featured","category-seguridad-publica","tag-fge","tag-semefo"],"_links":{"self":[{"href":"https:\/\/www.interaccionnoticias.com.mx\/index.php?rest_route=\/wp\/v2\/posts\/26288","targetHints":{"allow":["GET"]}}],"collection":[{"href":"https:\/\/www.interaccionnoticias.com.mx\/index.php?rest_route=\/wp\/v2\/posts"}],"about":[{"href":"https:\/\/www.interaccionnoticias.com.mx\/index.php?rest_route=\/wp\/v2\/types\/post"}],"author":[{"embeddable":true,"href":"https:\/\/www.interaccionnoticias.com.mx\/index.php?rest_route=\/wp\/v2\/users\/1"}],"replies":[{"embeddable":true,"href":"https:\/\/www.interaccionnoticias.com.mx\/index.php?rest_route=%2Fwp%2Fv2%2Fcomments&post=26288"}],"version-history":[{"count":0,"href":"https:\/\/www.interaccionnoticias.com.mx\/index.php?rest_route=\/wp\/v2\/posts\/26288\/revisions"}],"wp:attachment":[{"href":"https:\/\/www.interaccionnoticias.com.mx\/index.php?rest_route=%2Fwp%2Fv2%2Fmedia&parent=26288"}],"wp:term":[{"taxonomy":"category","embeddable":true,"href":"https:\/\/www.interaccionnoticias.com.mx\/index.php?rest_route=%2Fwp%2Fv2%2Fcategories&post=26288"},{"taxonomy":"post_tag","embeddable":true,"href":"https:\/\/www.interaccionnoticias.com.mx\/index.php?rest_route=%2Fwp%2Fv2%2Ftags&post=26288"}],"curies":[{"name":"wp","href":"https:\/\/api.w.org\/{rel}","templated":true}]}}