{"id":26285,"date":"2019-07-09T20:25:00","date_gmt":"2019-07-10T01:25:00","guid":{"rendered":"http:\/\/www.inter-accion.com.mx\/?p=26285"},"modified":"2019-07-09T20:25:00","modified_gmt":"2019-07-10T01:25:00","slug":"campesinos-de-tres-comunidades-de-chilpancingo-protestaron-en-bodega-de-fertilizante","status":"publish","type":"post","link":"https:\/\/www.interaccionnoticias.com.mx\/?p=26285","title":{"rendered":"Campesinos de tres comunidades de Chilpancingo protestaron en bodega de fertilizante"},"content":{"rendered":"<p><strong>La mayor\u00eda de los productores quedaron fuera del padr\u00f3n<\/strong><br \/>\nCampesinos de las comunidades de El Calvario, Amojileca y Ahuejitos, todas pertenecientes a Chilpancingo protestaron en la bodega destinada para la distribuci\u00f3n de fertilizante en la regi\u00f3n Centro de la entidad, ya que la mayor\u00eda de los productores fueron excluidos de los padrones.<br \/>\nDesde las 8:30 de la ma\u00f1ana, los campesinos arribaron a la bodega que se ubica en la parte norte de la ciudad, muy cerca del Albergue tutelar y se plantaron en sus inmediaciones, aunque nunca las tomaron.<br \/>\nDe manera pac\u00edfica, los productores campesinos, encabezados por sus comisarios permanecieron afuera de la bodega, en espera de que llegara a dialogar con ellos el subdelegado regional del gobierno federal, Iv\u00e1n Hern\u00e1ndez D\u00edaz.<br \/>\nEn entrevista, reprocharon que solo una cuarta parte de los productores ha recibido el apoyo del fertilizante, pero con paquetes incompletos.<br \/>\n\u201cAntes nos daban 12 bultos por hect\u00e1rea, ahora solamente nos est\u00e1n dando seis\u201d, se\u00f1al\u00f3 Alberto Lorenzo Garc\u00eda, ex comisario de Amojileca.<br \/>\nEn dicha comunidad, de 80 productores que se encuentran debidamente registrados solamente 21 han recibido el vale que los ampara como beneficiarios del programa, de ah\u00ed la inquietud.<br \/>\nAdvirtieron que esta situaci\u00f3n provocar\u00e1 una deficiente producci\u00f3n de granos b\u00e1sicos, principalmente de ma\u00edz, lo que pone en riesgo su seguridad alimentaria.<br \/>\nPor esa raz\u00f3n, indicaron que si la situaci\u00f3n permanece como hasta ahora, ellos valorar\u00e1n la posibilidad de recurrir al bloqueo de carreteras, para sensibilizar a las autoridades.<\/p>\n","protected":false},"excerpt":{"rendered":"<p>La mayor\u00eda de los productores quedaron fuera del padr\u00f3n Campesinos de las comunidades de El Calvario, Amojileca y Ahuejitos, todas pertenecientes a Chilpancingo protestaron en la bodega destinada para la&hellip; <\/p>\n","protected":false},"author":1,"featured_media":0,"comment_status":"closed","ping_status":"closed","sticky":false,"template":"","format":"standard","meta":{"fifu_image_url":"","fifu_image_alt":"","footnotes":""},"categories":[13,8],"tags":[98,108],"class_list":["post-26285","post","type-post","status-publish","format-standard","hentry","category-capital","category-featured","tag-fertilizante","tag-gobierno"],"_links":{"self":[{"href":"https:\/\/www.interaccionnoticias.com.mx\/index.php?rest_route=\/wp\/v2\/posts\/26285","targetHints":{"allow":["GET"]}}],"collection":[{"href":"https:\/\/www.interaccionnoticias.com.mx\/index.php?rest_route=\/wp\/v2\/posts"}],"about":[{"href":"https:\/\/www.interaccionnoticias.com.mx\/index.php?rest_route=\/wp\/v2\/types\/post"}],"author":[{"embeddable":true,"href":"https:\/\/www.interaccionnoticias.com.mx\/index.php?rest_route=\/wp\/v2\/users\/1"}],"replies":[{"embeddable":true,"href":"https:\/\/www.interaccionnoticias.com.mx\/index.php?rest_route=%2Fwp%2Fv2%2Fcomments&post=26285"}],"version-history":[{"count":0,"href":"https:\/\/www.interaccionnoticias.com.mx\/index.php?rest_route=\/wp\/v2\/posts\/26285\/revisions"}],"wp:attachment":[{"href":"https:\/\/www.interaccionnoticias.com.mx\/index.php?rest_route=%2Fwp%2Fv2%2Fmedia&parent=26285"}],"wp:term":[{"taxonomy":"category","embeddable":true,"href":"https:\/\/www.interaccionnoticias.com.mx\/index.php?rest_route=%2Fwp%2Fv2%2Fcategories&post=26285"},{"taxonomy":"post_tag","embeddable":true,"href":"https:\/\/www.interaccionnoticias.com.mx\/index.php?rest_route=%2Fwp%2Fv2%2Ftags&post=26285"}],"curies":[{"name":"wp","href":"https:\/\/api.w.org\/{rel}","templated":true}]}}