{"id":2621,"date":"2017-03-07T18:51:00","date_gmt":"2017-03-08T00:51:00","guid":{"rendered":"http:\/\/www.inter-accion.com.mx\/?p=2621"},"modified":"2017-03-07T18:51:00","modified_gmt":"2017-03-08T00:51:00","slug":"para-el-gobierno-solo-hay-policias-comunitarias-en-zonas-indigenas-regidas-por-la-ley-701","status":"publish","type":"post","link":"https:\/\/www.interaccionnoticias.com.mx\/?p=2621","title":{"rendered":"Para el gobierno solo hay polic\u00edas comunitarias en zonas ind\u00edgenas regidas por la Ley 701"},"content":{"rendered":"<p>Los dem\u00e1s son civiles armados que est\u00e1n fuera de la ley&nbsp;<br \/>\n&nbsp;<br \/>\n&nbsp;<br \/>\nEl gobernador H\u00e9ctor Astudillo Flores sostuvo que solamente se reconoce como polic\u00edas comunitarios a quienes operan en zonas ind\u00edgenas y se rigen por la Ley 701, los dem\u00e1s, son grupos de civiles armados que operan al margen de la ley.&nbsp;&nbsp;&nbsp;<br \/>\nEn la residencia oficial Casa Guerrero, Astudillo Flores se reuni\u00f3 con integrantes de la Coordinadora Regional de Autoridades Comunitarias&nbsp;(CRAC) de las casas de justicia de San Luis Acatl\u00e1n, Espino Blanco y El Para\u00edso.<br \/>\nEl gobernador Astudillo Flores explic\u00f3 que las modificaciones que se perfilan hacia la Ley 701, que es la que rige la vida interna de la CRAC de ninguna manera implica derogarla.<br \/>\n\u201cDe lo que se trata, en cierta forma, es de fortalecer a una organizaci\u00f3n que ha dado claras muestras de colocarse correctamente dentro de los alcances de la ley\u201d, anot\u00f3. &nbsp;<br \/>\nPrecis\u00f3 que la 701 habla puntualmente de la existencia y operaci\u00f3n de polic\u00edas comunitarias en territorios ind\u00edgenas, por lo que se debe entender que la CRAC opera en zonas en donde predominan los pueblos originarios.<br \/>\nRecord\u00f3 que los representantes de la CRAC recientemente lo invitaron a viajar hacia San Luis Acatl\u00e1n, no pudo hacerlo por complicaciones de salud, pero s\u00ed tuvo la oportunidad de recibirlos en Chilpancingo.<br \/>\nUna vez que se reconoce el trabajo y los resultados aportados por la CRAC, el jefe del Ejecutivo local refiri\u00f3 que se debe tener mucho cuidado que el marco que rige a las polic\u00edas comunitarias no choquen con la esfera constitucional.<br \/>\nCuestionado sobre la existencia de grupos de autodefensa, que sin integrarse por poblaci\u00f3n ind\u00edgena se asumen como polic\u00edas comunitarios, el gobernador Astudillo Flores sostuvo que se debe tener muy claro el panorama.<br \/>\n\u201cEllos no se pueden considerar dentro de la 701 porque esta ley es para territorio ind\u00edgena, con base al art\u00edculo segundo de la Constituci\u00f3n, con base a dicho art\u00edculo se manejan ciertos derechos de los pueblos ind\u00edgenas.<br \/>\nRecord\u00f3 que cuando fue senador de la Rep\u00fablica tuvo la oportunidad de participar en la modificaci\u00f3n al art\u00edculo segundo constitucional, de tal suerte que conoce ampliamente dichas disposiciones.<br \/>\nEl resto de las supuestas polic\u00edas comunitarias, dijo que se encuentran fuera del marco legal, m\u00e1s a\u00fan si portan armamento que se considere de uso exclusivo del Ej\u00e9rcito Mexicano.<\/p>\n","protected":false},"excerpt":{"rendered":"<p>Los dem\u00e1s son civiles armados que est\u00e1n fuera de la ley&nbsp; &nbsp; &nbsp; El gobernador H\u00e9ctor Astudillo Flores sostuvo que solamente se reconoce como polic\u00edas comunitarios a quienes operan en&hellip; <\/p>\n","protected":false},"author":1,"featured_media":0,"comment_status":"open","ping_status":"open","sticky":false,"template":"","format":"standard","meta":{"fifu_image_url":"","fifu_image_alt":"","footnotes":""},"categories":[8,15],"tags":[],"class_list":["post-2621","post","type-post","status-publish","format-standard","hentry","category-featured","category-movimientos-sociales"],"_links":{"self":[{"href":"https:\/\/www.interaccionnoticias.com.mx\/index.php?rest_route=\/wp\/v2\/posts\/2621","targetHints":{"allow":["GET"]}}],"collection":[{"href":"https:\/\/www.interaccionnoticias.com.mx\/index.php?rest_route=\/wp\/v2\/posts"}],"about":[{"href":"https:\/\/www.interaccionnoticias.com.mx\/index.php?rest_route=\/wp\/v2\/types\/post"}],"author":[{"embeddable":true,"href":"https:\/\/www.interaccionnoticias.com.mx\/index.php?rest_route=\/wp\/v2\/users\/1"}],"replies":[{"embeddable":true,"href":"https:\/\/www.interaccionnoticias.com.mx\/index.php?rest_route=%2Fwp%2Fv2%2Fcomments&post=2621"}],"version-history":[{"count":0,"href":"https:\/\/www.interaccionnoticias.com.mx\/index.php?rest_route=\/wp\/v2\/posts\/2621\/revisions"}],"wp:attachment":[{"href":"https:\/\/www.interaccionnoticias.com.mx\/index.php?rest_route=%2Fwp%2Fv2%2Fmedia&parent=2621"}],"wp:term":[{"taxonomy":"category","embeddable":true,"href":"https:\/\/www.interaccionnoticias.com.mx\/index.php?rest_route=%2Fwp%2Fv2%2Fcategories&post=2621"},{"taxonomy":"post_tag","embeddable":true,"href":"https:\/\/www.interaccionnoticias.com.mx\/index.php?rest_route=%2Fwp%2Fv2%2Ftags&post=2621"}],"curies":[{"name":"wp","href":"https:\/\/api.w.org\/{rel}","templated":true}]}}