{"id":26020,"date":"2019-06-28T19:02:05","date_gmt":"2019-06-29T00:02:05","guid":{"rendered":"http:\/\/www.inter-accion.com.mx\/?p=26020"},"modified":"2019-06-28T19:02:05","modified_gmt":"2019-06-29T00:02:05","slug":"carrizallo-el-pueblo-que-fue-liberado-tras-la-desaparicion-de-los-43","status":"publish","type":"post","link":"https:\/\/www.interaccionnoticias.com.mx\/?p=26020","title":{"rendered":"Carrizallo, el pueblo que fue liberado tras la desaparici\u00f3n de Los 43"},"content":{"rendered":"<p><strong>\u201cSi no hubiera sido por ellos, todav\u00eda seguir\u00edamos secuestrados\u201d, dicen los pobladores<\/strong><br \/>\nDesde noviembre de 2015, habitantes del ejido de Carrizalillo, perteneciente al municipio de Eduardo Neri solicitaron a la Procuradur\u00eda General de la Rep\u00fablica (PGR) que buscara en sus tierras a los 43 estudiantes de la Normal Rural de Ayotzinapa, pues se\u00f1alaron que si no todos, al menos parte importante del grupo fueron llevados a dicha localidad, tras los ataques registrados en Iguala de la Independencia.<br \/>\nEl 22 de junio pasado, en diferentes medios se difundi\u00f3 un video de escasos once segundos, en \u00e9l se observa que un hombre llamado Carlos Canto, detenido por su presunta vinculaci\u00f3n con los hechos de Iguala es sometido a tortura para que aporte informaci\u00f3n sobre el paradero de los estudiantes de la Normal Rural Ra\u00fal Isidro Burgos.<br \/>\nDe manera atropellada, con una bolsa de pl\u00e1stico asfixi\u00e1ndolo, el hombre hace referencia a la comunidad de Mezcala, pueblo ubicado en la zona minera del municipio de Eduardo Neri.<br \/>\nMezcala se ubica sobre la carretera federal M\u00e9xico-Acapulco, durante varios a\u00f1os fue objeto de una encarnizada pugna entre dos grupos delictivos; Los Rojos y Guerreros Unidos (GU), este \u00faltimo se\u00f1alado de ser el responsable de la embestida desatada contra los j\u00f3venes en la cuna de la bandera, en complicidad con polic\u00edas preventivos de Iguala, Cocula y Huitzuco de los Figueroa.<br \/>\nSi bien el GU disputaba el control de Mezcala, es en el Ejido de Carrizalillo, ubicado en la parte alta del municipio, en la ruta hacia la Sierra donde instal\u00f3 un puesto de operaciones que implic\u00f3 el sometimiento de todos sus habitantes, que viven fundamentalmente del recurso que las mineras pagan por la renta de sus tierra para la extracci\u00f3n de oro.<br \/>\nY es en ese lugar donde los habitantes sostienen que si bien lo sucedido el 26 de septiembre de 2014 en Iguala es una tragedia, para ellos represent\u00f3 el desenlace de un largo periodo de sometimiento a manos de un grupo del crimen organizado.<br \/>\n<strong>Una madrugada siniestra<\/strong><br \/>\nLa declaraci\u00f3n de Carlos Canto, si bien fue obtenida bajo tortura, encuadra con el relato de un grupo de nueve reporteros que de Chilpancingo se desplazaron hacia Iguala para dar cobertura a lo sucedido en contra de los normalistas y jugadores del equipo de tercera divisi\u00f3n, Los Avispones de Chilpancingo, cuyo autob\u00fas fue balaceado cuando regresaban de disputar un partido.<br \/>\nEsa madrugada, los comunicadores recorrieron el crucero de Santa Teresa, donde encontraron el autob\u00fas baleado de Los Avispones, recargado sobre una cuneta, con numerosas perforaciones y la mayor\u00eda de sus cristales rotos.<br \/>\nAcudieron tambi\u00e9n al Hospital General y estuvieron en la calle Juan N. \u00c1lvarez, donde se registr\u00f3 el segundo ataque a balazos, encontraron tirados los cad\u00e1veres de dos alumnos; Julio C\u00e9sar Ram\u00edrez Nava y Daniel Solis Gallardo, incluso antes de que arribara el personal de la Fiscal\u00eda General del Estado (FGE).<br \/>\nTras las observar parte de las diligencias, los reporteros acudieron a la delegaci\u00f3n que la FGE tiene en Iguala, lugar al que llegaron los primeros grupos de estudiantes encontrados por elementos de la Polic\u00eda Ministerial y los jugadores del equipo de tercera divisi\u00f3n de Chilpancingo, para rendir las declaraciones correspondientes.<br \/>\nAlrededor de las 04:00 horas los reporteros consideraron pertinente regresar a Chilpancingo, pero personal de la Polic\u00eda Federal (PF) les sugiri\u00f3 esperar, pues hab\u00eda un movimiento poco usual en las inmediaciones de Mezcala, paso obligado para llegar a la capital de Guerrero.<br \/>\nCasi amanec\u00eda cuando los mandos de la PF indicaron qe hab\u00eda condiciones para regresar, algunas unidades acompa\u00f1aron el recorrido y efectivamente, al llegar a Mezcala se toparon con varios veh\u00edculos incendiados atravesados sobre la carretera.<br \/>\nAmanec\u00eda cuando las unidades eran retiradas de la cinta asf\u00e1ltica y tras sofocar el fuego se les retiraba del lugar con el apoyo de varias gr\u00faas.<br \/>\nLos pobladores de Carrizalillo sostienen que esa madrugada hubo un movimiento inusual en la localidad, nadie se atrevi\u00f3 a salir de sus casas para observar lo que pasaba, pero hubo mucho ruido generado por el movimiento de maquinaria pesada y por lo menos un cami\u00f3n de carga, en el que se\u00f1alaron que pudieron llevar a los estudiantes.<br \/>\nDesde junio de 2014 Guerreros Unidos hab\u00eda tomado el control de por lo menos 20 viviendas ubicadas en el acceso principal de la localidad, pero la madrugada del 27 de septiembre la presencia de hombres armados se increment\u00f3 considerablemente.<br \/>\nRecuerdan que los \u201crefuerzos\u201d que llegaron eran diferentes a los delincuentes que hac\u00edan base en el ejido, pues vest\u00edan uniformes, ten\u00edan equipo t\u00e1ctico y se desplazaban siempre con una log\u00edstica bien determinada.<br \/>\nLa zona del pueblo que estaba en el dominio de la organizaci\u00f3n delictiva actualmente es conocida como \u201cla calle del terror\u201d, el acceso al pueblo no solo era vigilado por los pistoleros de la organizaci\u00f3n, todos los varones mayores de edad estaban obligados a montar guardia en un puesto de control.<br \/>\n\u00abA los que ve\u00edan m\u00e1s o menos con miedo lo dejaban de noche como castigo, uno de ellos sub\u00eda el cartucho de su arma y nos dec\u00eda; hijos de la chingada, si hay madrazos, al primero que corra yo mismo lo mato\u00bb.<br \/>\nCuando la negativa para vigilar era contundente, el vecino ten\u00eda solo dos posibilidades; pagar una multa de 400 pesos para que otro cubriera el turno, o recibir una tableada por parte de los pistoleros.<br \/>\nEl 21 de octubre de 2014, un operativo de la PF en la comunidad propici\u00f3 la retirada de los integrantes del GU de Carrizalillo, lo que implic\u00f3 la liberaci\u00f3n de sus habitantes de la opresi\u00f3n que les representaba la presencia de los civiles armados.<br \/>\nLas casas que ocupaban como guarida para los sicarios quedaron abandonadas, cuando los pobladores las mostraron a los medios, con desd\u00e9n las se\u00f1alaban y dec\u00edan: \u201cah\u00ed ni para coger\u201d.<br \/>\n<strong>Busquen en Carrizalillo<\/strong><br \/>\nEl mi\u00e9rcoles 28 de octubre de 2015, los pobladores de Carrizalillo se alertaron por la detenci\u00f3n de su comisario ejidal, Ricardo L\u00f3pez Garc\u00eda a manos de un grupo de elementos de la Polic\u00eda Federal (PF).<br \/>\nSu hija, Roc\u00edo L\u00f3pez, los increp\u00f3 a la altura de la plaza central del pueblo, mientras un tumulto se organizaba para defenderlo.<br \/>\nSuperados num\u00e9ricamente, los elementos de la PF no pudieron evitar la revisi\u00f3n de las dos patrullas en que se desplazaban; en una de ellas los pobladores encontraron a un supuesto integrante de Guerreros Unidos, de nombre Modesto Pe\u00f1a Celso, a quien reconocieron por ser originario de la comunidad y por ser quien hab\u00eda llevado a los miembros de la organizaci\u00f3n criminal cuando estos se apoderaron del pueblo.<br \/>\nAtemorizados, los de la PF ofrecieron dejar a Modesto Pe\u00f1a para que los pobladores \u00abhicieran con \u00e9l lo que quisieran\u00bb, pero este les dijo a gritos que los polic\u00edas \u00absab\u00edan a lo que iban\u00bb y que no pod\u00edan asumirse como inocentes, entonces los lugare\u00f1os decidieron retenerlos durante varias horas.<br \/>\nEl tres de noviembre hubo un llamado directo por parte de las autoridades ejidales para que la PGR acudiera con equipo especializado a indagar en sus tierras, para despejar la sospecha de que ah\u00ed estaban sepultados los 43 estudiantes de Ayotzinapa.<br \/>\nEl 6 de noviembre de 2015, personal de la PGR localiz\u00f3 los restos de cinco cuerpos en tres fosas clandestinas ubicadas en las inmediaciones del pueblo, pero la dependencia aclar\u00f3 que las v\u00edctimas que ten\u00edan ninguna relaci\u00f3n con los 43 normalistas de Ayotzinapa.<br \/>\nDe los cad\u00e1veres, la PGR inform\u00f3 en forma escueta que por lo menos dos correspond\u00edan a mujer.<br \/>\n<strong>Por los 43 estamos libres<\/strong><br \/>\nEl 3 de noviembre de 2015, un grupo de pobladores dirigi\u00f3 un llamado los padres de los 43 estudiantes de Ayotzinapa, para ofrecerles el apoyo en caso de que quisieran buscar a los muchachos en sus tierras.<br \/>\n\u201cSi los padres de ellos vienen nosotros estamos dispuestos a ayudarlos, porque por ellos estamos libres, fue un sacrificio muy lamentable, pero si no hubiera pasado lo de Iguala nosotros estar\u00edamos secuestrados\u201d.<br \/>\nOtro poblador que solicit\u00f3 el anonimato asegur\u00f3: \u201cYo lo siento por los de Ayotzinapa porque los levantaron, pero ah\u00ed fue donde la banda comenz\u00f3 a apendejarse, porque incluso los comenzaron a perseguir y muchos incluso hasta fueron a la c\u00e1rcel\u201d.<br \/>\nCuando se conoci\u00f3 el video sobre la tortura contra Carlos Canto, varios habitantes de Carrizalillo compartieron las im\u00e1genes sin hacer muchos comentarios.<br \/>\nAl contactarlos, en mensajes privados volvieron a se\u00f1alar la posibilidad de que los j\u00f3venes hayan sido llevados a sus tierras, por eso aclararon: \u201cNo est\u00e1n en Mezcala, est\u00e1n en Carrizalillo\u201d.<br \/>\nSiempre solicitando el beneficio del anonimato, ofrecieron disposici\u00f3n para permitir que los padres de familia agraviados por lo sucedido en Iguala realicen alg\u00fan trabajo de b\u00fasqueda.<br \/>\nCuestionado al respecto, el vocero del colectivo Nos Faltan 43, Felipe de la Cruz, sostuvo que esa informaci\u00f3n es parte de las l\u00edneas que habr\u00e1 de tomar la Fiscal\u00eda Especial para el Caso Iguala, que ya tiene titular.<\/p>\n","protected":false},"excerpt":{"rendered":"<p>\u201cSi no hubiera sido por ellos, todav\u00eda seguir\u00edamos secuestrados\u201d, dicen los pobladores Desde noviembre de 2015, habitantes del ejido de Carrizalillo, perteneciente al municipio de Eduardo Neri solicitaron a la&hellip; <\/p>\n","protected":false},"author":1,"featured_media":0,"comment_status":"closed","ping_status":"closed","sticky":false,"template":"","format":"standard","meta":{"fifu_image_url":"","fifu_image_alt":"","footnotes":""},"categories":[8,24],"tags":[],"class_list":["post-26020","post","type-post","status-publish","format-standard","hentry","category-featured","category-reportajes"],"_links":{"self":[{"href":"https:\/\/www.interaccionnoticias.com.mx\/index.php?rest_route=\/wp\/v2\/posts\/26020","targetHints":{"allow":["GET"]}}],"collection":[{"href":"https:\/\/www.interaccionnoticias.com.mx\/index.php?rest_route=\/wp\/v2\/posts"}],"about":[{"href":"https:\/\/www.interaccionnoticias.com.mx\/index.php?rest_route=\/wp\/v2\/types\/post"}],"author":[{"embeddable":true,"href":"https:\/\/www.interaccionnoticias.com.mx\/index.php?rest_route=\/wp\/v2\/users\/1"}],"replies":[{"embeddable":true,"href":"https:\/\/www.interaccionnoticias.com.mx\/index.php?rest_route=%2Fwp%2Fv2%2Fcomments&post=26020"}],"version-history":[{"count":0,"href":"https:\/\/www.interaccionnoticias.com.mx\/index.php?rest_route=\/wp\/v2\/posts\/26020\/revisions"}],"wp:attachment":[{"href":"https:\/\/www.interaccionnoticias.com.mx\/index.php?rest_route=%2Fwp%2Fv2%2Fmedia&parent=26020"}],"wp:term":[{"taxonomy":"category","embeddable":true,"href":"https:\/\/www.interaccionnoticias.com.mx\/index.php?rest_route=%2Fwp%2Fv2%2Fcategories&post=26020"},{"taxonomy":"post_tag","embeddable":true,"href":"https:\/\/www.interaccionnoticias.com.mx\/index.php?rest_route=%2Fwp%2Fv2%2Ftags&post=26020"}],"curies":[{"name":"wp","href":"https:\/\/api.w.org\/{rel}","templated":true}]}}