{"id":26014,"date":"2019-06-27T19:49:07","date_gmt":"2019-06-28T00:49:07","guid":{"rendered":"http:\/\/www.inter-accion.com.mx\/?p=26014"},"modified":"2019-06-27T19:49:07","modified_gmt":"2019-06-28T00:49:07","slug":"ceteg-se-pronuncia-por-la-asignacion-plazas-automaticas-para-egresados-de-las-normales","status":"publish","type":"post","link":"https:\/\/www.interaccionnoticias.com.mx\/?p=26014","title":{"rendered":"CETEG se pronuncia por la asignaci\u00f3n plazas autom\u00e1ticas para egresados de las normales"},"content":{"rendered":"<p><strong>Los egresados ya cuentan con el perfil profesional, sostiene Arcangel Ram\u00edrez<\/strong><br \/>\nLa Coordinadora Estatal de Trabajadores de la Educaci\u00f3n de Guerrero (CETEG) se pronunci\u00f3 a favor de la entrega de plazas autom\u00e1ticas para los egresados de la normales p\u00fablicas de la entidad.<br \/>\nLiderados por su secretario general, Arcangel Ram\u00edrez Perulero, integrantes de la CETEG saludaron el hecho de que este jueves 27 de junio haya comenzado la reinstalaci\u00f3n de los profesores que fueron cesados a partir de la resistencia que presentaron ante la imposici\u00f3n de la Reforma Educativa, misma que fue derogada durante la administraci\u00f3n federal presente.<br \/>\nEn ese contexto, se pronunciaron tambi\u00e9n a favor de que se fortalezca el normalismo en toda la Rep\u00fablica mexicana, lo que pasa necesariamente por garantizar la entrega de las plazas autom\u00e1ticas para los egresados de las normales p\u00fablicas.<br \/>\nRam\u00edrez Perulero sostuvo que los egresados de las normales p\u00fablicas cuentan con el perfil profesional necesario para desempe\u00f1arse frente a grupo, pues ya se formaron para ello y no es necesario que se les someta a ning\u00fan tipo de evaluaci\u00f3n.<br \/>\nDe acuerdo a la estimaci\u00f3n actual, se estima que este a\u00f1o haya un promedio de 600 egresados de las nueve normales p\u00fablicas que existen en la entidad, a todos se les debe de garantizar el acceso a la plaza que necesitan para insertarse en el campo laboral.<\/p>\n","protected":false},"excerpt":{"rendered":"<p>Los egresados ya cuentan con el perfil profesional, sostiene Arcangel Ram\u00edrez La Coordinadora Estatal de Trabajadores de la Educaci\u00f3n de Guerrero (CETEG) se pronunci\u00f3 a favor de la entrega de&hellip; <\/p>\n","protected":false},"author":1,"featured_media":0,"comment_status":"closed","ping_status":"closed","sticky":false,"template":"","format":"standard","meta":{"fifu_image_url":"","fifu_image_alt":"","footnotes":""},"categories":[6,8],"tags":[],"class_list":["post-26014","post","type-post","status-publish","format-standard","hentry","category-educacion","category-featured"],"_links":{"self":[{"href":"https:\/\/www.interaccionnoticias.com.mx\/index.php?rest_route=\/wp\/v2\/posts\/26014","targetHints":{"allow":["GET"]}}],"collection":[{"href":"https:\/\/www.interaccionnoticias.com.mx\/index.php?rest_route=\/wp\/v2\/posts"}],"about":[{"href":"https:\/\/www.interaccionnoticias.com.mx\/index.php?rest_route=\/wp\/v2\/types\/post"}],"author":[{"embeddable":true,"href":"https:\/\/www.interaccionnoticias.com.mx\/index.php?rest_route=\/wp\/v2\/users\/1"}],"replies":[{"embeddable":true,"href":"https:\/\/www.interaccionnoticias.com.mx\/index.php?rest_route=%2Fwp%2Fv2%2Fcomments&post=26014"}],"version-history":[{"count":0,"href":"https:\/\/www.interaccionnoticias.com.mx\/index.php?rest_route=\/wp\/v2\/posts\/26014\/revisions"}],"wp:attachment":[{"href":"https:\/\/www.interaccionnoticias.com.mx\/index.php?rest_route=%2Fwp%2Fv2%2Fmedia&parent=26014"}],"wp:term":[{"taxonomy":"category","embeddable":true,"href":"https:\/\/www.interaccionnoticias.com.mx\/index.php?rest_route=%2Fwp%2Fv2%2Fcategories&post=26014"},{"taxonomy":"post_tag","embeddable":true,"href":"https:\/\/www.interaccionnoticias.com.mx\/index.php?rest_route=%2Fwp%2Fv2%2Ftags&post=26014"}],"curies":[{"name":"wp","href":"https:\/\/api.w.org\/{rel}","templated":true}]}}