{"id":25998,"date":"2019-06-24T19:26:49","date_gmt":"2019-06-25T00:26:49","guid":{"rendered":"http:\/\/www.inter-accion.com.mx\/?p=25998"},"modified":"2019-06-24T19:26:49","modified_gmt":"2019-06-25T00:26:49","slug":"gobernador-de-guerrero-se-desmarca-de-las-protestas-por-el-fertilizante","status":"publish","type":"post","link":"https:\/\/www.interaccionnoticias.com.mx\/?p=25998","title":{"rendered":"Gobernador de Guerrero se desmarca de las protestas por el fertilizante"},"content":{"rendered":"<p><strong>El insumo no es un tema pol\u00edtico ni de partidos, aclara<\/strong><br \/>\nEl gobernador H\u00e9ctor Astudillo Flores neg\u00f3 ser el responsable del retraso en la distribuci\u00f3n del fertilizante y rechaz\u00f3 ser el operador detr\u00e1s de las manifestaciones de campesinos.<br \/>\nEl fin de semana, una de las p\u00e1ginas de difusi\u00f3n del Movimiento de Regeneraci\u00f3n Nacional (Morena) difundi\u00f3 un video en redes sociales, en el que culparon al gobernador de oponerse a la entrega transparente y directa del fertilizante.<br \/>\nIncluso lo acusaron directamente de \u201cmovilizar a sus lacayos\u201d para \u201cboicotear el programa\u201d.<br \/>\nEste lunes, el mandatario estatal visit\u00f3 el municipio de Iguala de la Independencia, donde inaugur\u00f3 la remodelaci\u00f3n de la escuela primaria Te\u00f3filo Rivera Vega.<br \/>\nEn entrevista, se le cuestion\u00f3 sobre las acusaciones que lanz\u00f3 Morena en redes sociales.<br \/>\n\u201cYa no quiero ni hablar de ese tema\u201d, respondi\u00f3 Astudillo Flores en un primer momento.<br \/>\nDespu\u00e9s subray\u00f3 que la inconformidad de los campesinos debido al retraso en la entrega del fertilizante \u201cno es un tema pol\u00edtico ni de partidos\u201d.<br \/>\n\u201cSolamente hay que ver la tierra\u2026 ya est\u00e1 sembrada y el fertilizante no ha llegado. Quien haga una defensa a trav\u00e9s de partidos pol\u00edticos, est\u00e1 defendiendo lo indefendible (\u2026) y desviando el fondo del problema\u201d, sentenci\u00f3.<br \/>\nEl gobernador dijo que su mayor deseo era que la palabra del presidente Andr\u00e9s Manuel L\u00f3pez Obrador \u201cse hubiera cumplido bien\u201d.<br \/>\nSin embargo, consider\u00f3 que \u201cel presidente no fue escuchado correctamente por quienes operaron\u201d el programa de fertilizante.<br \/>\nInsisti\u00f3 en que \u201cel problema es de car\u00e1cter t\u00e9cnico y operativo\u201d y no tiene nada que ver con la pol\u00edtica.<br \/>\nAstudillo Flores reiter\u00f3 su \u201cpreocupaci\u00f3n\u201d porque las parcelas ya est\u00e1n sembradas y por lo tanto, el ma\u00edz y el fertilizante llegar\u00e1n muy tarde.<br \/>\nSe\u00f1al\u00f3 que \u201clos datos son contundentes\u201d, ya que en 2018 se entregaron 203 mil toneladas de abono y el programa se cerr\u00f3 en la \u00faltima semana de junio.<br \/>\nEste a\u00f1o, con la federalizaci\u00f3n del programa, se licitaron \u00fanicamente 110 mil toneladas del fertilizante y s\u00f3lo el 20 por ciento han sido entregadas.<br \/>\n\u201cEste tema hay que enfocarlo correctamente, no hay que desviarnos. No es pol\u00edtico, es un tema que a simple vista es t\u00e9cnico\u201d, insisti\u00f3.<br \/>\nEl gobernador consider\u00f3 que para enderezar la ruta, lo primero que hay que hacer es \u201centregar el fertilizante que se tiene a como d\u00e9 lugar\u201d<br \/>\nSubray\u00f3 que el 75 por ciento de los beneficiarios de este programa son agricultores de autoconsumo y por ello es indispensable que reciban el abono para garantizar su seguridad alimentaria.<br \/>\nGrupo de coordinaci\u00f3n sesionar\u00e1 en Taxco<br \/>\nTambi\u00e9n se le cuestion\u00f3 respecto a la escalada de violencia que se registr\u00f3 el fin de semana en Guerrero, que dej\u00f3 un saldo de 22 homicidios.<br \/>\nParticularmente se\u00f1al\u00f3 lo ocurrido en Taxco de Alarc\u00f3n, donde se registraron siete asesinatos en 48 horas, lo que deriv\u00f3 en la cancelaci\u00f3n de un evento deportivo.<br \/>\nEl gobernador confirm\u00f3 que el grupo de coordinaci\u00f3n para la paz sesionar\u00eda la tarde de este lunes en ese municipio de la regi\u00f3n Norte, con la participaci\u00f3n del alcalde panista Marcos Efr\u00e9n Parra G\u00f3mez, para dar seguimiento a la estrategia de seguridad.<br \/>\n\u201cEsto que ha sucedido en Taxco es un tema que hay que atender para tener mayor respuesta por parte de la federaci\u00f3n\u201d, apunt\u00f3 Astudillo Flores<br \/>\nAsimismo, confirm\u00f3 que el 30 de junio acudir\u00e1 a Campo Marte, en la Ciudad de M\u00e9xico, para el banderazo del despliegue de la Guardia Nacional que llegar\u00e1 tambi\u00e9n a Guerrero.<br \/>\nEl mandatario confi\u00f3 en que el reforzamiento de la seguridad por parte de la federaci\u00f3n llegue tambi\u00e9n al municipio de Taxco.<\/p>\n","protected":false},"excerpt":{"rendered":"<p>El insumo no es un tema pol\u00edtico ni de partidos, aclara El gobernador H\u00e9ctor Astudillo Flores neg\u00f3 ser el responsable del retraso en la distribuci\u00f3n del fertilizante y rechaz\u00f3 ser&hellip; <\/p>\n","protected":false},"author":1,"featured_media":0,"comment_status":"closed","ping_status":"closed","sticky":false,"template":"","format":"standard","meta":{"fifu_image_url":"","fifu_image_alt":"","footnotes":""},"categories":[8,11],"tags":[],"class_list":["post-25998","post","type-post","status-publish","format-standard","hentry","category-featured","category-guerrero"],"_links":{"self":[{"href":"https:\/\/www.interaccionnoticias.com.mx\/index.php?rest_route=\/wp\/v2\/posts\/25998","targetHints":{"allow":["GET"]}}],"collection":[{"href":"https:\/\/www.interaccionnoticias.com.mx\/index.php?rest_route=\/wp\/v2\/posts"}],"about":[{"href":"https:\/\/www.interaccionnoticias.com.mx\/index.php?rest_route=\/wp\/v2\/types\/post"}],"author":[{"embeddable":true,"href":"https:\/\/www.interaccionnoticias.com.mx\/index.php?rest_route=\/wp\/v2\/users\/1"}],"replies":[{"embeddable":true,"href":"https:\/\/www.interaccionnoticias.com.mx\/index.php?rest_route=%2Fwp%2Fv2%2Fcomments&post=25998"}],"version-history":[{"count":0,"href":"https:\/\/www.interaccionnoticias.com.mx\/index.php?rest_route=\/wp\/v2\/posts\/25998\/revisions"}],"wp:attachment":[{"href":"https:\/\/www.interaccionnoticias.com.mx\/index.php?rest_route=%2Fwp%2Fv2%2Fmedia&parent=25998"}],"wp:term":[{"taxonomy":"category","embeddable":true,"href":"https:\/\/www.interaccionnoticias.com.mx\/index.php?rest_route=%2Fwp%2Fv2%2Fcategories&post=25998"},{"taxonomy":"post_tag","embeddable":true,"href":"https:\/\/www.interaccionnoticias.com.mx\/index.php?rest_route=%2Fwp%2Fv2%2Ftags&post=25998"}],"curies":[{"name":"wp","href":"https:\/\/api.w.org\/{rel}","templated":true}]}}