{"id":25987,"date":"2019-06-24T18:30:24","date_gmt":"2019-06-24T23:30:24","guid":{"rendered":"http:\/\/www.inter-accion.com.mx\/?p=25987"},"modified":"2019-06-24T18:30:24","modified_gmt":"2019-06-24T23:30:24","slug":"esclarecen-crimenes-cometidos-en-contra-de-universitarios","status":"publish","type":"post","link":"https:\/\/www.interaccionnoticias.com.mx\/?p=25987","title":{"rendered":"Esclarecen cr\u00edmenes cometidos en contra de universitarios"},"content":{"rendered":"<p><strong>Al menos tres de seis<\/strong><br \/>\n<strong>Acapulco, Gro. \u2013<\/strong> Tres de los seis cr\u00edmenes cometidos contra universitarios han sido resueltos por la Fiscal\u00eda General del Estado, inform\u00f3 el rector de la m\u00e1xima casa de estudios de la UAGro, Javier Salda\u00f1a Almaz\u00e1n.<br \/>\n\u201cPlaticamos de cada uno de los asuntos (cr\u00edmenes), se han resuelto tres casos, de los \u00faltimos seis.<br \/>\n\u201cLo que tenemos que hacer es convocarnos todos los actores, universitarios, catedr\u00e1ticos y autoridades para prevenir el delito, para ello nos ayudar\u00e1 el fiscal a castigar cr\u00edmenes\u201d, dijo Salda\u00f1a Almaz\u00e1n.<br \/>\nDijo que antes se luchaba y se exig\u00eda en las calles, ahora lo hacemos desde las aulas, antes hab\u00eda un distanciamiento entre la Fiscal\u00eda y el gobierno estatal, todo quer\u00edamos arreglarlo extramuros, ahora le apostamos al dialogo, remarc\u00f3 el rector de la Universidad Aut\u00f3noma de Guerrero.<br \/>\nLo anterior, tras el amago de movilizaci\u00f3n universitaria, por los sucesos violentos que dej\u00f3 al menos seis personas muertas, y el rector de la UAGro, Salda\u00f1a Almaz\u00e1n, se\u00f1al\u00f3 que si no los atend\u00edan se habr\u00edan movilizado en las calles para demandar soluci\u00f3n a los cr\u00edmenes de universitarios.<\/p>\n","protected":false},"excerpt":{"rendered":"<p>Al menos tres de seis Acapulco, Gro. \u2013 Tres de los seis cr\u00edmenes cometidos contra universitarios han sido resueltos por la Fiscal\u00eda General del Estado, inform\u00f3 el rector de la&hellip; <\/p>\n","protected":false},"author":1,"featured_media":0,"comment_status":"closed","ping_status":"closed","sticky":false,"template":"","format":"standard","meta":{"fifu_image_url":"","fifu_image_alt":"","footnotes":""},"categories":[8,27],"tags":[],"class_list":["post-25987","post","type-post","status-publish","format-standard","hentry","category-featured","category-seguridad-publica"],"_links":{"self":[{"href":"https:\/\/www.interaccionnoticias.com.mx\/index.php?rest_route=\/wp\/v2\/posts\/25987","targetHints":{"allow":["GET"]}}],"collection":[{"href":"https:\/\/www.interaccionnoticias.com.mx\/index.php?rest_route=\/wp\/v2\/posts"}],"about":[{"href":"https:\/\/www.interaccionnoticias.com.mx\/index.php?rest_route=\/wp\/v2\/types\/post"}],"author":[{"embeddable":true,"href":"https:\/\/www.interaccionnoticias.com.mx\/index.php?rest_route=\/wp\/v2\/users\/1"}],"replies":[{"embeddable":true,"href":"https:\/\/www.interaccionnoticias.com.mx\/index.php?rest_route=%2Fwp%2Fv2%2Fcomments&post=25987"}],"version-history":[{"count":0,"href":"https:\/\/www.interaccionnoticias.com.mx\/index.php?rest_route=\/wp\/v2\/posts\/25987\/revisions"}],"wp:attachment":[{"href":"https:\/\/www.interaccionnoticias.com.mx\/index.php?rest_route=%2Fwp%2Fv2%2Fmedia&parent=25987"}],"wp:term":[{"taxonomy":"category","embeddable":true,"href":"https:\/\/www.interaccionnoticias.com.mx\/index.php?rest_route=%2Fwp%2Fv2%2Fcategories&post=25987"},{"taxonomy":"post_tag","embeddable":true,"href":"https:\/\/www.interaccionnoticias.com.mx\/index.php?rest_route=%2Fwp%2Fv2%2Ftags&post=25987"}],"curies":[{"name":"wp","href":"https:\/\/api.w.org\/{rel}","templated":true}]}}