{"id":25984,"date":"2019-06-24T18:23:05","date_gmt":"2019-06-24T23:23:05","guid":{"rendered":"http:\/\/www.inter-accion.com.mx\/?p=25984"},"modified":"2019-06-24T18:23:05","modified_gmt":"2019-06-24T23:23:05","slug":"matan-a-dos-hombres-en-chilpancingo-uno-fue-desmembrado","status":"publish","type":"post","link":"https:\/\/www.interaccionnoticias.com.mx\/?p=25984","title":{"rendered":"Matan a dos hombres en Chilpancingo, uno fue desmembrado"},"content":{"rendered":"<p><strong>Ambos ingresaron a Semefo como no identificados<\/strong><br \/>\nLa polic\u00eda confirm\u00f3 el asesinato de dos personas en la capital de Guerrero, uno fue acribillado a balazos dentro de un taller de hojalater\u00eda, el otro fue desmembrado y sus restos tirados en bolsas negras, en un fraccionamiento ubicado en la parte norte de la ciudad.<br \/>\nLos dos hechos se registraron entrada la tarde del lunes 24 de junio, en hechos que movilizaron a la polic\u00eda del Estado, la Preventiva Municipal, la Fiscal\u00eda General del Estado (FGE) y personal de la Secretar\u00eda de la Defensa Nacional (Sedena).<br \/>\nEl primer reporte se registr\u00f3 alrededor de las 15:30 horas, cuando vecinos de la calle Corregidora, del barrio de San Mateo denunciaron que un hombre hab\u00eda sufrido un ataque a balazos dentro de un taller de hojalater\u00eda.<br \/>\nLas corporaciones arribaron al lugar y efectivamente, confirmaron que dentro del taller se encontraba un var\u00f3n tirado, del cual cual hasta entrada la tarde solamente se sab\u00eda que era conocido bajo el alias de \u201cEl Chaparro\u201d.<br \/>\nDespu\u00e9s de las 16:00 horas, se recibi\u00f3 un reporte al servicio de emergencias 911, que en las inmediaciones del fraccionamiento SUSPEG se encontraban tiradas un par de bolsas negras, al parecer con restos humanos en su interior.<br \/>\nAl acudir al lugar, las autoridades confirmaron que se trataba del cad\u00e1ver de un var\u00f3n, mismo que hab\u00eda sido desmembrado.<br \/>\nEste segundo cuerpo tampoco presentaba ning\u00fan elemento que permitiera su identificaci\u00f3n.<br \/>\nLas dos v\u00edctimas mortales fueron trasladadas a las instalaciones del Servicio M\u00e9dico Forense (Semefo).<\/p>\n","protected":false},"excerpt":{"rendered":"<p>Ambos ingresaron a Semefo como no identificados La polic\u00eda confirm\u00f3 el asesinato de dos personas en la capital de Guerrero, uno fue acribillado a balazos dentro de un taller de&hellip; <\/p>\n","protected":false},"author":1,"featured_media":0,"comment_status":"closed","ping_status":"closed","sticky":false,"template":"","format":"standard","meta":{"fifu_image_url":"","fifu_image_alt":"","footnotes":""},"categories":[8,27],"tags":[],"class_list":["post-25984","post","type-post","status-publish","format-standard","hentry","category-featured","category-seguridad-publica"],"_links":{"self":[{"href":"https:\/\/www.interaccionnoticias.com.mx\/index.php?rest_route=\/wp\/v2\/posts\/25984","targetHints":{"allow":["GET"]}}],"collection":[{"href":"https:\/\/www.interaccionnoticias.com.mx\/index.php?rest_route=\/wp\/v2\/posts"}],"about":[{"href":"https:\/\/www.interaccionnoticias.com.mx\/index.php?rest_route=\/wp\/v2\/types\/post"}],"author":[{"embeddable":true,"href":"https:\/\/www.interaccionnoticias.com.mx\/index.php?rest_route=\/wp\/v2\/users\/1"}],"replies":[{"embeddable":true,"href":"https:\/\/www.interaccionnoticias.com.mx\/index.php?rest_route=%2Fwp%2Fv2%2Fcomments&post=25984"}],"version-history":[{"count":0,"href":"https:\/\/www.interaccionnoticias.com.mx\/index.php?rest_route=\/wp\/v2\/posts\/25984\/revisions"}],"wp:attachment":[{"href":"https:\/\/www.interaccionnoticias.com.mx\/index.php?rest_route=%2Fwp%2Fv2%2Fmedia&parent=25984"}],"wp:term":[{"taxonomy":"category","embeddable":true,"href":"https:\/\/www.interaccionnoticias.com.mx\/index.php?rest_route=%2Fwp%2Fv2%2Fcategories&post=25984"},{"taxonomy":"post_tag","embeddable":true,"href":"https:\/\/www.interaccionnoticias.com.mx\/index.php?rest_route=%2Fwp%2Fv2%2Ftags&post=25984"}],"curies":[{"name":"wp","href":"https:\/\/api.w.org\/{rel}","templated":true}]}}