{"id":2594,"date":"2017-03-07T18:00:07","date_gmt":"2017-03-08T00:00:07","guid":{"rendered":"http:\/\/www.inter-accion.com.mx\/?p=2594"},"modified":"2017-03-07T18:00:07","modified_gmt":"2017-03-08T00:00:07","slug":"improcedencia-del-jdc-ante-el-trife-por-cuestiones-de-eleccion-de-rector","status":"publish","type":"post","link":"https:\/\/www.interaccionnoticias.com.mx\/?p=2594","title":{"rendered":"Improcedencia del JDC ante el TRIFE por cuestiones de elecci\u00f3n de rector."},"content":{"rendered":"<p>Por: Trinidad Zamacona L\u00f3pez<br \/>\nHemos venido comentando en art\u00edculos anteriores de lo improcedente que resulta judicializar en los tribunales externos la elecci\u00f3n del rector de las universidades p\u00fablicas del pa\u00eds, pero en especial de la Universidad Aut\u00f3noma de Guerrero, los pocos integrantes del grupo desidente que surge como colectivo insurgencia universitaria, solo naci\u00f3 para frenar la elecci\u00f3n de Javier Salda\u00f1a Almaz\u00e1n, desde su nacimiento ese ha sido su objetivo, claro sin lograrlo pues solo se han dedicado a denostar al candidato que propuso el grupo universidad por guerrero, y miles de universitarios y trabajadores de la UAGro.<br \/>\nTanto Rom\u00e1n Ibarra Flores y Silvia Alem\u00e1n Mundo, no han hecho otra cosa que reclamar que no se les registro como candidata a rectora, sin dar argumentos s\u00f3lidos en su postura, y no se les registro a Alem\u00e1n Mundo, de acuerdo al dictamen de la Comisi\u00f3n Electoral, en virtud de que no cumpli\u00f3 con el requisito fundamental de la convocatoria como es el de acreditar el reconocimiento y aval de cuarenta consejeros universitarios, o los consejeros acad\u00e9micos de al menos veinte unidades acad\u00e9micas, o ciento cincuenta consejeros acad\u00e9micos de unidades acad\u00e9micas, cualquiera de estos requisitos que hubiera cumplido la catedr\u00e1tica, seguramente se le hubiera registrado.<br \/>\nAlem\u00e1n Mundo reconoci\u00f3 al salir de su registro ante los medios de comunicaci\u00f3n que no hab\u00eda juntado el apoyo requerido de los consejeros que exig\u00eda la convocatoria para ser registrada como candidata a rectora, antes de ese evento el Tribunal Electoral ya le hab\u00eda dado un rev\u00e9s jur\u00eddico al declararle improcedente su Juicio Electoral Ciudadano n\u00famero TEE\/SSI\/JEC\/004\/2017; y en su resolutivo dicho \u00f3rgano lo declaro improcedente y desecho de plano dicha demanda, en lo medular el Tribunal les dijo en su resoluci\u00f3n que la UAGro, goza de autonom\u00eda de acuerdo a la Constituci\u00f3n Federal y a la del Estado para nombrar a su rector.<br \/>\nQue goza tambi\u00e9n de los \u00f3rganos internos para proteger y garantizar los derechos de la comunidad universitaria, por lo que dichas instancias como la Comisi\u00f3n Electoral y el Tribunal Universitario, son las \u00fanicas autoridades que deben de resolver los conflictos al interior de la Universidad, por lo que dichos derechos est\u00e1n tutelados adentro de la universidad. Ahora bien es l\u00f3gico que cuando no se cumplen los requisitos de una convocatoria, lo procedente es que no nos registren, es como cuando usted solicita entrar a un trabajo si no cumple uno de los requisitos pues simple y sencillamente no entra, en materia financiera si usted solicita un cr\u00e9dito bancario y no cumple uno de los requisitos, f\u00e1cil el banco no le presta, en materia electoral pasa exactamente lo mismo, con uno de los requisitos que no se cumpla, no se nos otorga el registro para participar, y estamos hablando de materia electoral, lo que no dice Alem\u00e1n Mundo y Rom\u00e1n Ibarra Flores, es que seg\u00fan se sabe algunos de los requisitos que exhibieron fueron en copias fotost\u00e1ticas, y que algunos de los firmantes que supuestamente le apoyaron con su firma, despu\u00e9s se retractaron porque se les sorprendi\u00f3 por parte de Alem\u00e1n Mundo, eso s\u00ed puede traer consecuencia legales pues utiliz\u00f3 unas firmas de apoyo que jam\u00e1s se les dijo a los firmantes que era para ser candidata a rectora, su carta de antecedentes no penales no era reciente seg\u00fan las tantas observaciones que le hicieron a sus documentos, seg\u00fan la convocatoria todos esos documentos deber\u00edan de ser certificados por el Secretario General de la UAGro, cosa que no fue as\u00ed, por lo tanto fueron muchos los requisitos que no cumpli\u00f3 Alem\u00e1n Mundo y el grupo que la impulsa.<br \/>\nDichos personajes desde su aparici\u00f3n su \u00fanico objetivo es denostar al candidato \u00fanico Javier Salda\u00f1a, nunca se ha sabido de ellos de gesti\u00f3n a favor de los estudiantes, a las unidades acad\u00e9micas, nunca han hecho nada por mejorar las instituciones en donde dan clases, pero de acuerdo a sus declaraciones han sido apoyados con recursos de instituciones gubernamentales y de la propia universidad, pero no han dicho en que se reflej\u00f3 lo que aprendieron, donde lo han aplicado o si su estancia siendo becaria fue exitosa, aprobatoria o reprobatoria, o simplemente se regres\u00f3 de esos lugares a comprobar lo gastado.<br \/>\nEl Juicio Para la Protecci\u00f3n de los Derechos Pol\u00edticos Electorales, que seg\u00fan promover\u00e1n, seguramente ser\u00e1 declarado improcedente y ser\u00e1 desechado de plano tambi\u00e9n, pues hay jurisprudencia del propio Tribunal Electoral del Poder Judicial de la Federaci\u00f3n, en donde han manifestado un respeto irrestricto al principio de autonom\u00eda de las universidades p\u00fablicas del pa\u00eds, un derecho constitucional que tienen dichos \u00f3rganos interno como es el de autogobierno, ad intra, es decir hacia adentro de la instituci\u00f3n, y que adem\u00e1s como no se trata de una elecci\u00f3n constitucional dicho derecho no est\u00e1 tutelado en la Constituci\u00f3n y en la Ley de Medios de Impugnaci\u00f3n en Materia Electoral para que el TRIFE, conozca de estos asuntos, as\u00ed que ser\u00e1 otro rev\u00e9s al grupo de Alem\u00e1n Mundo e Ibarra Flores.<\/p>\n","protected":false},"excerpt":{"rendered":"<p>Por: Trinidad Zamacona L\u00f3pez Hemos venido comentando en art\u00edculos anteriores de lo improcedente que resulta judicializar en los tribunales externos la elecci\u00f3n del rector de las universidades p\u00fablicas del pa\u00eds,&hellip; <\/p>\n","protected":false},"author":1,"featured_media":0,"comment_status":"open","ping_status":"open","sticky":false,"template":"","format":"standard","meta":{"fifu_image_url":"","fifu_image_alt":"","footnotes":""},"categories":[8,16],"tags":[],"class_list":["post-2594","post","type-post","status-publish","format-standard","hentry","category-featured","category-opinion"],"_links":{"self":[{"href":"https:\/\/www.interaccionnoticias.com.mx\/index.php?rest_route=\/wp\/v2\/posts\/2594","targetHints":{"allow":["GET"]}}],"collection":[{"href":"https:\/\/www.interaccionnoticias.com.mx\/index.php?rest_route=\/wp\/v2\/posts"}],"about":[{"href":"https:\/\/www.interaccionnoticias.com.mx\/index.php?rest_route=\/wp\/v2\/types\/post"}],"author":[{"embeddable":true,"href":"https:\/\/www.interaccionnoticias.com.mx\/index.php?rest_route=\/wp\/v2\/users\/1"}],"replies":[{"embeddable":true,"href":"https:\/\/www.interaccionnoticias.com.mx\/index.php?rest_route=%2Fwp%2Fv2%2Fcomments&post=2594"}],"version-history":[{"count":0,"href":"https:\/\/www.interaccionnoticias.com.mx\/index.php?rest_route=\/wp\/v2\/posts\/2594\/revisions"}],"wp:attachment":[{"href":"https:\/\/www.interaccionnoticias.com.mx\/index.php?rest_route=%2Fwp%2Fv2%2Fmedia&parent=2594"}],"wp:term":[{"taxonomy":"category","embeddable":true,"href":"https:\/\/www.interaccionnoticias.com.mx\/index.php?rest_route=%2Fwp%2Fv2%2Fcategories&post=2594"},{"taxonomy":"post_tag","embeddable":true,"href":"https:\/\/www.interaccionnoticias.com.mx\/index.php?rest_route=%2Fwp%2Fv2%2Ftags&post=2594"}],"curies":[{"name":"wp","href":"https:\/\/api.w.org\/{rel}","templated":true}]}}