{"id":25936,"date":"2019-06-20T21:19:23","date_gmt":"2019-06-21T02:19:23","guid":{"rendered":"http:\/\/www.inter-accion.com.mx\/?p=25936"},"modified":"2019-06-20T21:19:23","modified_gmt":"2019-06-21T02:19:23","slug":"asiste-alcalde-de-chilpancingo-a-reunion-en-la-secretaria-de-gobernacion-del-gobierno-federal","status":"publish","type":"post","link":"https:\/\/www.interaccionnoticias.com.mx\/?p=25936","title":{"rendered":"Asiste alcalde de Chilpancingo a reuni\u00f3n en la Secretar\u00eda de Gobernaci\u00f3n del gobierno federal"},"content":{"rendered":"<p><strong>Gesti\u00f3n y trabajo en la Ciudad de M\u00e9xico.<\/strong><br \/>\nEl presidente municipal de Chilpancingo Antonio Gaspar Beltr\u00e1n, la ma\u00f1ana de este jueves visit\u00f3 las oficinas de la Secretar\u00eda de Gobernaci\u00f3n (SEGOB) en la Ciudad de M\u00e9xico, por convocatoria y con el acompa\u00f1amiento del Senador de la Rep\u00fablica Miguel \u00c1ngel Mancera.<br \/>\nEsta reuni\u00f3n, se realiz\u00f3 con la finalidad de sostener un encuentro de trabajo con el reci\u00e9n nombrado subsecretario de Gobierno, Ricardo Peralta Saucedo, hombre guerrerense nacido en tierras calentanas; exactamente de Coyuca de Catal\u00e1n.<br \/>\nLos planteamientos de proyectos especiales para Chilpancingo, fue uno de los temas primordiales en la reuni\u00f3n; \u201cmismos que se vienen gestionando desde el pasado diciembre\u201d, coment\u00f3 el primer edil.<br \/>\nGaspar Beltr\u00e1n, inform\u00f3 que se hizo el planteamiento sobre el adelanto de participaciones para el ramo 28 por la cantidad de 21 millones de pesos, los que ser\u00e1n utilizados para echar a andar el programa de retiros voluntarios para los trabajadores del ayuntamiento capitalino.<br \/>\nEl presidente, anunci\u00f3 que pr\u00f3ximamente se har\u00e1 la entrega de este documento en las oficinas de Palacio Nacional para hacer esta solicitud directamente al Presidente de la Rep\u00fablica Andr\u00e9s Manuel L\u00f3pez Obrador.<br \/>\nContado con la solidaridad y apoyo del diputado Antonio Helguera Jim\u00e9nez, presidente de la Junta de Coordinaci\u00f3n Pol\u00edtica del Congreso del Estado (Jucopo) para intermediar en las gestiones ante las oficinas de la Secretar\u00eda de Finanzas Federal con la finalidad de ser aprobadas por el delegado federal Pablo Amilcar Sandoval Ballesteros.<br \/>\nEl alcalde capitalino enfatiz\u00f3 que es necesario resaltar el logro de avances en las gestiones y asegur\u00f3 que se espera dar continuidad a este tipo de mesas de trabajo que resultan ser de gran beneficio.<\/p>\n","protected":false},"excerpt":{"rendered":"<p>Gesti\u00f3n y trabajo en la Ciudad de M\u00e9xico. El presidente municipal de Chilpancingo Antonio Gaspar Beltr\u00e1n, la ma\u00f1ana de este jueves visit\u00f3 las oficinas de la Secretar\u00eda de Gobernaci\u00f3n (SEGOB)&hellip; <\/p>\n","protected":false},"author":1,"featured_media":0,"comment_status":"closed","ping_status":"closed","sticky":false,"template":"","format":"standard","meta":{"fifu_image_url":"","fifu_image_alt":"","footnotes":""},"categories":[13,8],"tags":[],"class_list":["post-25936","post","type-post","status-publish","format-standard","hentry","category-capital","category-featured"],"_links":{"self":[{"href":"https:\/\/www.interaccionnoticias.com.mx\/index.php?rest_route=\/wp\/v2\/posts\/25936","targetHints":{"allow":["GET"]}}],"collection":[{"href":"https:\/\/www.interaccionnoticias.com.mx\/index.php?rest_route=\/wp\/v2\/posts"}],"about":[{"href":"https:\/\/www.interaccionnoticias.com.mx\/index.php?rest_route=\/wp\/v2\/types\/post"}],"author":[{"embeddable":true,"href":"https:\/\/www.interaccionnoticias.com.mx\/index.php?rest_route=\/wp\/v2\/users\/1"}],"replies":[{"embeddable":true,"href":"https:\/\/www.interaccionnoticias.com.mx\/index.php?rest_route=%2Fwp%2Fv2%2Fcomments&post=25936"}],"version-history":[{"count":0,"href":"https:\/\/www.interaccionnoticias.com.mx\/index.php?rest_route=\/wp\/v2\/posts\/25936\/revisions"}],"wp:attachment":[{"href":"https:\/\/www.interaccionnoticias.com.mx\/index.php?rest_route=%2Fwp%2Fv2%2Fmedia&parent=25936"}],"wp:term":[{"taxonomy":"category","embeddable":true,"href":"https:\/\/www.interaccionnoticias.com.mx\/index.php?rest_route=%2Fwp%2Fv2%2Fcategories&post=25936"},{"taxonomy":"post_tag","embeddable":true,"href":"https:\/\/www.interaccionnoticias.com.mx\/index.php?rest_route=%2Fwp%2Fv2%2Ftags&post=25936"}],"curies":[{"name":"wp","href":"https:\/\/api.w.org\/{rel}","templated":true}]}}