{"id":25933,"date":"2019-06-20T20:53:49","date_gmt":"2019-06-21T01:53:49","guid":{"rendered":"http:\/\/www.inter-accion.com.mx\/?p=25933"},"modified":"2019-06-20T20:53:49","modified_gmt":"2019-06-21T01:53:49","slug":"lider-del-congreso-niega-boicot-a-foro-por-la-pacificacion-de-la-sierra","status":"publish","type":"post","link":"https:\/\/www.interaccionnoticias.com.mx\/?p=25933","title":{"rendered":"L\u00edder del Congreso niega boicot a foro por la pacificaci\u00f3n de la Sierra"},"content":{"rendered":"<p><strong>Antonio Helguera sostiene que la Comisi\u00f3n Especial siempre se supo que operar\u00eda sin recursos<\/strong><br \/>\nEl coordinador de la Junta de Coordinaci\u00f3n Pol\u00edtica (Jucopo) del Congreso de Guerrero, Antonio Helguera Jim\u00e9nez, neg\u00f3 que haya \u201cboicoteado\u201d el foro sobre pacificaci\u00f3n y desarrollo de la sierra que organiz\u00f3 el diputado Servando de Jes\u00fas Salgado Guzm\u00e1n.<br \/>\nEl foro estaba programado a realizarse este viernes en el Senado de la Rep\u00fablica, con la participaci\u00f3n de ponentes nacionales y extranjeros. Sin embargo, se cancel\u00f3 de \u00faltimo momento porque el Congreso de Guerrero se neg\u00f3 a financiarlo.<br \/>\nIncluso Salgado Guzm\u00e1n ofreci\u00f3 una conferencia de prensa en la que culp\u00f3 su coordinador de bancada, Antonio Helguera Jim\u00e9nez.<br \/>\nCuestionado al respecto, el presidente de la Jucopo neg\u00f3 las acusaciones y le record\u00f3 a Salgado Guzm\u00e1n que su comisi\u00f3n especial no cuenta con recursos.<br \/>\nSe\u00f1al\u00f3 que cuando se tom\u00f3 la decisi\u00f3n de crear la Comisi\u00f3n Especial para la Regionalizaci\u00f3n y la Pacificaci\u00f3n de la sierra se acord\u00f3 \u201cque iba a funcionar as\u00ed, sin recursos, ni de la fracci\u00f3n ni del Congreso\u201d.<br \/>\nAdem\u00e1s, Helguera Jim\u00e9nez asever\u00f3 que los diputados de Morena no est\u00e1n divididos, como afirm\u00f3 Salgado Guzm\u00e1n.<br \/>\nSe\u00f1al\u00f3 que el legislador \u201cest\u00e1 en su derecho y en libertad\u201d de abandonar la bancada si as\u00ed lo desea.<br \/>\nAdem\u00e1s, confirm\u00f3 que la fracci\u00f3n parlamentaria est\u00e1 valorando la permanencia de Salgado Guzm\u00e1n.<br \/>\n\u201cNo hemos definido nada, pero s\u00ed, creo que cuando un diputado valora su permanencia y lo hace p\u00fablico, deja a la fracci\u00f3n en libertad de valorar, tambi\u00e9n, su permanencia. Es un tema que quiz\u00e1 lo vaya marcando el propio diputado\u201d, apunt\u00f3.<\/p>\n","protected":false},"excerpt":{"rendered":"<p>Antonio Helguera sostiene que la Comisi\u00f3n Especial siempre se supo que operar\u00eda sin recursos El coordinador de la Junta de Coordinaci\u00f3n Pol\u00edtica (Jucopo) del Congreso de Guerrero, Antonio Helguera Jim\u00e9nez,&hellip; <\/p>\n","protected":false},"author":1,"featured_media":0,"comment_status":"closed","ping_status":"closed","sticky":false,"template":"","format":"standard","meta":{"fifu_image_url":"","fifu_image_alt":"","footnotes":""},"categories":[2,8],"tags":[],"class_list":["post-25933","post","type-post","status-publish","format-standard","hentry","category-congreso","category-featured"],"_links":{"self":[{"href":"https:\/\/www.interaccionnoticias.com.mx\/index.php?rest_route=\/wp\/v2\/posts\/25933","targetHints":{"allow":["GET"]}}],"collection":[{"href":"https:\/\/www.interaccionnoticias.com.mx\/index.php?rest_route=\/wp\/v2\/posts"}],"about":[{"href":"https:\/\/www.interaccionnoticias.com.mx\/index.php?rest_route=\/wp\/v2\/types\/post"}],"author":[{"embeddable":true,"href":"https:\/\/www.interaccionnoticias.com.mx\/index.php?rest_route=\/wp\/v2\/users\/1"}],"replies":[{"embeddable":true,"href":"https:\/\/www.interaccionnoticias.com.mx\/index.php?rest_route=%2Fwp%2Fv2%2Fcomments&post=25933"}],"version-history":[{"count":0,"href":"https:\/\/www.interaccionnoticias.com.mx\/index.php?rest_route=\/wp\/v2\/posts\/25933\/revisions"}],"wp:attachment":[{"href":"https:\/\/www.interaccionnoticias.com.mx\/index.php?rest_route=%2Fwp%2Fv2%2Fmedia&parent=25933"}],"wp:term":[{"taxonomy":"category","embeddable":true,"href":"https:\/\/www.interaccionnoticias.com.mx\/index.php?rest_route=%2Fwp%2Fv2%2Fcategories&post=25933"},{"taxonomy":"post_tag","embeddable":true,"href":"https:\/\/www.interaccionnoticias.com.mx\/index.php?rest_route=%2Fwp%2Fv2%2Ftags&post=25933"}],"curies":[{"name":"wp","href":"https:\/\/api.w.org\/{rel}","templated":true}]}}