{"id":25930,"date":"2019-06-20T20:43:24","date_gmt":"2019-06-21T01:43:24","guid":{"rendered":"http:\/\/www.inter-accion.com.mx\/?p=25930"},"modified":"2019-06-20T20:43:24","modified_gmt":"2019-06-21T01:43:24","slug":"por-inseguridad-adelantan-vacaciones-en-escuelas-de-la-uagro","status":"publish","type":"post","link":"https:\/\/www.interaccionnoticias.com.mx\/?p=25930","title":{"rendered":"Por inseguridad, adelantan vacaciones en escuelas de la UAGro"},"content":{"rendered":"<p>Acapulco, Gro. \u2013 En los municipios de Acapulco y Chilpancingo, la Universidad Aut\u00f3noma Guerrero (UAGro), adelant\u00f3 la terminaci\u00f3n del periodo escolar y este jueves fue el \u00faltimo d\u00eda del ciclo escolar 2018-2019.<br \/>\nLo anterior, luego de que el rector de la universidad en Guerrero, Javier Salda\u00f1a Almaz\u00e1n, dijo que decidi\u00f3 que este jueves sea el \u00faltimo d\u00eda del ciclo escolar en el puerto de Acapulco y Chilpancingo.<br \/>\nExplic\u00f3, qu\u00e9 ante los constantes ataques violentos contra estudiantes y personal docentes, ya s\u00f3lo habr\u00e1 ex\u00e1menes y clausuras.<br \/>\n\u201cHay un reclamo muy fuerte de los sindicatos y del personal, impotencia, frustraci\u00f3n que muchas veces estos asuntos est\u00e9n sali\u00e9ndose de lo com\u00fan y que sea contra j\u00f3venes con un gran futuro\u201d, sostuvo.<br \/>\nAl referirse al tema de la violencia contra los universitarios, el rector, se\u00f1al\u00f3 que la UAGro entreg\u00f3 a la Fiscal\u00eda General del Estado, los videos para continuar con la investigaci\u00f3n del crimen cometido contra las alumnas de Psicolog\u00eda, Rebeca Yamileth Reyes, y Genoveva asesinada el s\u00e1bado pasado en el Infonavit Alta Progreso.<br \/>\nSalda\u00f1a Almaz\u00e1n, remarc\u00f3 que las autoridades han resuelto \u201cmuchos casos\u201d, pero lo que la sociedad pide que no ocurran son m\u00e1s homicidios.<br \/>\nIncluso, estim\u00f3 que se requiere de una \u201cestrategia integral\u201d, distinta por parte del gobierno federal, pues la violencia no se resolver\u00e1 s\u00f3lo con polic\u00edas, y reproch\u00f3 que ante los planteamientos de c\u00f3mo se resolver\u00e1 la inseguridad, sigan siendo asesinados los estudiantes.<br \/>\n\u201cAlgunos actores pol\u00edticos no hacen nada. Me rebasa la impotencia y el llamado a estos hombres que andan metidos en actos il\u00edcitos a que respeten a la universidad.<br \/>\n\u201cAqu\u00ed vienen hasta sus hijos a prepararse, no es posible que nos est\u00e9n lastimando de esta manera\u201d, recrimin\u00f3 el rector de la m\u00e1xima casa de estudios.<\/p>\n","protected":false},"excerpt":{"rendered":"<p>Acapulco, Gro. \u2013 En los municipios de Acapulco y Chilpancingo, la Universidad Aut\u00f3noma Guerrero (UAGro), adelant\u00f3 la terminaci\u00f3n del periodo escolar y este jueves fue el \u00faltimo d\u00eda del ciclo&hellip; <\/p>\n","protected":false},"author":1,"featured_media":0,"comment_status":"closed","ping_status":"closed","sticky":false,"template":"","format":"standard","meta":{"fifu_image_url":"","fifu_image_alt":"","footnotes":""},"categories":[8,30],"tags":[],"class_list":["post-25930","post","type-post","status-publish","format-standard","hentry","category-featured","category-universidad"],"_links":{"self":[{"href":"https:\/\/www.interaccionnoticias.com.mx\/index.php?rest_route=\/wp\/v2\/posts\/25930","targetHints":{"allow":["GET"]}}],"collection":[{"href":"https:\/\/www.interaccionnoticias.com.mx\/index.php?rest_route=\/wp\/v2\/posts"}],"about":[{"href":"https:\/\/www.interaccionnoticias.com.mx\/index.php?rest_route=\/wp\/v2\/types\/post"}],"author":[{"embeddable":true,"href":"https:\/\/www.interaccionnoticias.com.mx\/index.php?rest_route=\/wp\/v2\/users\/1"}],"replies":[{"embeddable":true,"href":"https:\/\/www.interaccionnoticias.com.mx\/index.php?rest_route=%2Fwp%2Fv2%2Fcomments&post=25930"}],"version-history":[{"count":0,"href":"https:\/\/www.interaccionnoticias.com.mx\/index.php?rest_route=\/wp\/v2\/posts\/25930\/revisions"}],"wp:attachment":[{"href":"https:\/\/www.interaccionnoticias.com.mx\/index.php?rest_route=%2Fwp%2Fv2%2Fmedia&parent=25930"}],"wp:term":[{"taxonomy":"category","embeddable":true,"href":"https:\/\/www.interaccionnoticias.com.mx\/index.php?rest_route=%2Fwp%2Fv2%2Fcategories&post=25930"},{"taxonomy":"post_tag","embeddable":true,"href":"https:\/\/www.interaccionnoticias.com.mx\/index.php?rest_route=%2Fwp%2Fv2%2Ftags&post=25930"}],"curies":[{"name":"wp","href":"https:\/\/api.w.org\/{rel}","templated":true}]}}