{"id":25925,"date":"2019-06-20T20:35:36","date_gmt":"2019-06-21T01:35:36","guid":{"rendered":"http:\/\/www.inter-accion.com.mx\/?p=25925"},"modified":"2019-06-20T20:35:36","modified_gmt":"2019-06-21T01:35:36","slug":"cancelan-foro-sobre-la-pacificacion-de-la-sierra-acusan","status":"publish","type":"post","link":"https:\/\/www.interaccionnoticias.com.mx\/?p=25925","title":{"rendered":"Cancelan foro sobre la pacificaci\u00f3n de la Sierra, acusan boicot de l\u00edder del Congreso local"},"content":{"rendered":"<p><strong>Se desarrollar\u00eda en el Senado este viernes, se\u00f1ala el diputado Servando de Jes\u00fas Salgado<\/strong><br \/>\nEl diputado local Servando de Jes\u00fas Salgado Guzm\u00e1n cancel\u00f3 el foro sobre la pacificaci\u00f3n de la sierra que se realizar\u00eda este viernes en el Senado de la Rep\u00fablica, por un supuesto boicot por parte del Presidente de la Junta de Coordinaci\u00f3n Pol\u00edtica (Jucopo) del Congreso de Guerrero, Antonio Helguera Jim\u00e9nez.<br \/>\nSalgado Guzm\u00e1n preside la Comisi\u00f3n Especial para la Regionalizaci\u00f3n y la Pacificaci\u00f3n de la Sierra y como parte de sus actividades, organiz\u00f3 un foro internacional para buscar alternativas de paz y desarrollo para esa regi\u00f3n.<br \/>\nEl foro \u201cSierra de Guerrero: paz y desarrollo\u201d se realizar\u00eda este viernes en el Senado, tendr\u00eda una duraci\u00f3n de ocho horas y contar\u00eda con la participaci\u00f3n de especialistas nacionales y extranjeros.<br \/>\nEn conferencia de prensa este jueves, Salgado Guzm\u00e1n anunci\u00f3 la cancelaci\u00f3n del evento por falta de presupuesta.<br \/>\n\u201cEl foro no se llevar\u00e1 a cabo y es por un acto de dolo y de mala fe. El culpable es el presidente de la Junta de Coordinaci\u00f3n Pol\u00edtica, Antonio Helguera Jim\u00e9nez\u201d, asever\u00f3 el legislador morenista.<br \/>\nExplic\u00f3 que Helguera Jim\u00e9nez no autoriz\u00f3 los recursos para financiar el foro y por ello se<br \/>\nvio forzado a cancelarlo.<br \/>\nPor ello, dijo que \u00e9l tendr\u00e1 que pagar de su bolsillo los gastos que ya hicieron las personas que acudir\u00edan a la Ciudad de M\u00e9xico desde la sierra de Guerrero, as\u00ed como los vi\u00e1ticos de los especialistas que acudir\u00edan desde otros pa\u00edses.<br \/>\nSalgado Guzm\u00e1n subray\u00f3 que en su calidad de presidente de una comisi\u00f3n especial hizo las gestiones pertinentes para financiar el foro, porque as\u00ed lo establece la legislaci\u00f3n. Sin embargo, el recurso le fue negado de \u00faltimo momento.<br \/>\nConsider\u00f3 que esta acci\u00f3n es en represalia porque d\u00edas atr\u00e1s declar\u00f3 que estaba analizando su permanencia en la fracci\u00f3n parlamentaria de Morena.<br \/>\n\u201cYo creo que hay dolo\u201d, apunt\u00f3. Incluso advirti\u00f3 la posibilidad de que algunos diputados de Morena comiencen a abandonar la comisi\u00f3n especial de la sierra \u201cpara presionar a\u00fan m\u00e1s\u201d.<br \/>\nIncluso dijo que le negaron la posibilidad de formar parte de la Comisi\u00f3n Permanente, debido al amago que hizo de abandonar la fracci\u00f3n.<br \/>\n\u201cYo lamento mucho este tipo de acciones. Es falta de \u00e9tica, me siento muy triste y voy a valorar (mi permanencia en Morena) con mucha m\u00e1s raz\u00f3n (\u2026). Me est\u00e1n presionando o para que me salga, o para que me quede callado (\u2026), el coordinador me soslaya\u201d, expres\u00f3.<br \/>\nSalgado Guzm\u00e1n dijo que ha permanecido en Morena porque cree en el presidente de la Rep\u00fablica, Andr\u00e9s Manuel L\u00f3pez Obrador. Pero de sus compa\u00f1eros de bancada dijo que \u201cse est\u00e1n equivocando\u201d.<\/p>\n","protected":false},"excerpt":{"rendered":"<p>Se desarrollar\u00eda en el Senado este viernes, se\u00f1ala el diputado Servando de Jes\u00fas Salgado El diputado local Servando de Jes\u00fas Salgado Guzm\u00e1n cancel\u00f3 el foro sobre la pacificaci\u00f3n de la&hellip; <\/p>\n","protected":false},"author":1,"featured_media":0,"comment_status":"closed","ping_status":"closed","sticky":false,"template":"","format":"standard","meta":{"fifu_image_url":"","fifu_image_alt":"","footnotes":""},"categories":[2,8],"tags":[],"class_list":["post-25925","post","type-post","status-publish","format-standard","hentry","category-congreso","category-featured"],"_links":{"self":[{"href":"https:\/\/www.interaccionnoticias.com.mx\/index.php?rest_route=\/wp\/v2\/posts\/25925","targetHints":{"allow":["GET"]}}],"collection":[{"href":"https:\/\/www.interaccionnoticias.com.mx\/index.php?rest_route=\/wp\/v2\/posts"}],"about":[{"href":"https:\/\/www.interaccionnoticias.com.mx\/index.php?rest_route=\/wp\/v2\/types\/post"}],"author":[{"embeddable":true,"href":"https:\/\/www.interaccionnoticias.com.mx\/index.php?rest_route=\/wp\/v2\/users\/1"}],"replies":[{"embeddable":true,"href":"https:\/\/www.interaccionnoticias.com.mx\/index.php?rest_route=%2Fwp%2Fv2%2Fcomments&post=25925"}],"version-history":[{"count":0,"href":"https:\/\/www.interaccionnoticias.com.mx\/index.php?rest_route=\/wp\/v2\/posts\/25925\/revisions"}],"wp:attachment":[{"href":"https:\/\/www.interaccionnoticias.com.mx\/index.php?rest_route=%2Fwp%2Fv2%2Fmedia&parent=25925"}],"wp:term":[{"taxonomy":"category","embeddable":true,"href":"https:\/\/www.interaccionnoticias.com.mx\/index.php?rest_route=%2Fwp%2Fv2%2Fcategories&post=25925"},{"taxonomy":"post_tag","embeddable":true,"href":"https:\/\/www.interaccionnoticias.com.mx\/index.php?rest_route=%2Fwp%2Fv2%2Ftags&post=25925"}],"curies":[{"name":"wp","href":"https:\/\/api.w.org\/{rel}","templated":true}]}}