{"id":25922,"date":"2019-06-20T20:26:23","date_gmt":"2019-06-21T01:26:23","guid":{"rendered":"http:\/\/www.inter-accion.com.mx\/?p=25922"},"modified":"2019-06-20T20:26:23","modified_gmt":"2019-06-21T01:26:23","slug":"levantan-el-bloqueo-de-la-carretera-iguala-ciudad-altamrano","status":"publish","type":"post","link":"https:\/\/www.interaccionnoticias.com.mx\/?p=25922","title":{"rendered":"Levantan el bloqueo de la carretera Iguala-Ciudad Altamrano"},"content":{"rendered":"<p><strong>Gobierno federal reconoce 12 mil 955 beneficiarios del programa de fertilizante<\/strong><br \/>\nLa tarde del jueves culmin\u00f3 un bloqueo de m\u00e1s de 72 horas en la carretera federal Iguala-Ciudad Altamirano a la altura de Teloloapan, por parte de campesinos que exig\u00edan el reconocimiento de un padr\u00f3n que integra 12 mil 955 beneficiarios del programa de fertilizante.<br \/>\nEn este municipio ubicado en el l\u00edmite entre la regi\u00f3n Norte y la Tierra Caliente de Guerrero, el alcalde perredista Efr\u00e9n Romero Sotelo particip\u00f3 activamente, al asumir como v\u00e1lida la inconformidad de los productores de granos b\u00e1sicos.<br \/>\nEn el primer punto de una minuta que se firm\u00f3 la tarde-noche del jueves, se indica la validez de un padr\u00f3n integrado por 12 mil 955 productores que recibir\u00e1n fertilizante y para ello se dividir\u00e1n en dos bloques.<br \/>\nEn el bloque \u201cA\u201d estar\u00e1n integrados 8 mil 710 productores que cuentan con registro en el sistema \u00fanico de la SADER, en el que se acord\u00f3 la dotaci\u00f3n de dos paquetes tecnol\u00f3gicos para un n\u00famero igual de superficie.<br \/>\nEn el bloque \u201cB\u201d se compone por 4 mil 245 productores que hasta el momento no tienen registro.<br \/>\nPara ambos bloques, los responsables de la entrega de fertilizante habr\u00e1n de solicitar un expediente unipersonal, cuando hagan el reclamo de los paquetes tecnol\u00f3gicos.<br \/>\nLa carretera Iguala-Ciudad Altamirano, la v\u00eda m\u00e1s importante para enlazar a los 9 municipios de Tierra Caliente con la zona Norte se liber\u00f3 en cuanto se firm\u00f3 la minuta.<br \/>\nEl Gobierno federal, representado por el delegado regional Andr\u00e9s Nieto Cuevas, se comprometi\u00f3 a no promover ning\u00fan tipo de sanci\u00f3n en contra de los productores que cerraron la carretera, adem\u00e1s se pact\u00f3 la instalaci\u00f3n de una mesa de trabajo para atender casos particulares de campesinos que por error se hayan quedado fuera de los padrones.<\/p>\n","protected":false},"excerpt":{"rendered":"<p>Gobierno federal reconoce 12 mil 955 beneficiarios del programa de fertilizante La tarde del jueves culmin\u00f3 un bloqueo de m\u00e1s de 72 horas en la carretera federal Iguala-Ciudad Altamirano a&hellip; <\/p>\n","protected":false},"author":1,"featured_media":0,"comment_status":"closed","ping_status":"closed","sticky":false,"template":"","format":"standard","meta":{"fifu_image_url":"","fifu_image_alt":"","footnotes":""},"categories":[8,23],"tags":[],"class_list":["post-25922","post","type-post","status-publish","format-standard","hentry","category-featured","category-regionales"],"_links":{"self":[{"href":"https:\/\/www.interaccionnoticias.com.mx\/index.php?rest_route=\/wp\/v2\/posts\/25922","targetHints":{"allow":["GET"]}}],"collection":[{"href":"https:\/\/www.interaccionnoticias.com.mx\/index.php?rest_route=\/wp\/v2\/posts"}],"about":[{"href":"https:\/\/www.interaccionnoticias.com.mx\/index.php?rest_route=\/wp\/v2\/types\/post"}],"author":[{"embeddable":true,"href":"https:\/\/www.interaccionnoticias.com.mx\/index.php?rest_route=\/wp\/v2\/users\/1"}],"replies":[{"embeddable":true,"href":"https:\/\/www.interaccionnoticias.com.mx\/index.php?rest_route=%2Fwp%2Fv2%2Fcomments&post=25922"}],"version-history":[{"count":0,"href":"https:\/\/www.interaccionnoticias.com.mx\/index.php?rest_route=\/wp\/v2\/posts\/25922\/revisions"}],"wp:attachment":[{"href":"https:\/\/www.interaccionnoticias.com.mx\/index.php?rest_route=%2Fwp%2Fv2%2Fmedia&parent=25922"}],"wp:term":[{"taxonomy":"category","embeddable":true,"href":"https:\/\/www.interaccionnoticias.com.mx\/index.php?rest_route=%2Fwp%2Fv2%2Fcategories&post=25922"},{"taxonomy":"post_tag","embeddable":true,"href":"https:\/\/www.interaccionnoticias.com.mx\/index.php?rest_route=%2Fwp%2Fv2%2Ftags&post=25922"}],"curies":[{"name":"wp","href":"https:\/\/api.w.org\/{rel}","templated":true}]}}