{"id":25919,"date":"2019-06-20T19:32:34","date_gmt":"2019-06-21T00:32:34","guid":{"rendered":"http:\/\/www.inter-accion.com.mx\/?p=25919"},"modified":"2019-06-20T19:32:34","modified_gmt":"2019-06-21T00:32:34","slug":"hay-gente-dedicada-a-entorpecer-la-distribucion-de-fertilizante-denuncia-lider-del-congreso","status":"publish","type":"post","link":"https:\/\/www.interaccionnoticias.com.mx\/?p=25919","title":{"rendered":"Hay gente dedicada a entorpecer la distribuci\u00f3n de fertilizante, denuncia l\u00edder del Congreso"},"content":{"rendered":"<p><strong>Por eso los padrones se inflaron en los municipios, asegura Antonio Helguera<\/strong><br \/>\nEl presidente de la Junta de Coordinaci\u00f3n Pol\u00edtica del Congreso local, Antonio Helguera Jim\u00e9nez sostuvo que hay varias personas dedicadas a entorpecer la distribuci\u00f3n del fertilizante en Guerrero, con la clara intenci\u00f3n de perjudicar al gobierno federal.<br \/>\nEn las instalaciones del Congreso, Helguera Jim\u00e9nez reconoci\u00f3 que el tema del fertilizante es sumamente importante para la entidad, puesto que significa la sobrevivencia de muchas familias \u201ccuando menos en este periodo\u201d.<br \/>\nSin embargo, sostuvo que el tema se est\u00e1 resolviendo con todas sus implicaciones, entre ellas algunos problemas de log\u00edstica que no han funcionado de manera id\u00f3nea.<br \/>\n\u201cNo nada m\u00e1s es hacer un nuevo ordenamiento, si no tambi\u00e9n luchar contra resistencias tambi\u00e9n ah\u00ed, porque hay muchas personas que han estado involucradas en esto del reparto de fertilizante que est\u00e1n haciendo su labor y que est\u00e1n entorpeciendo algunas actividades que el gobierno federal viene realizando para resolver\u201d, se\u00f1al\u00f3.<br \/>\nCuestionado sobre los aspectos en los que se ha detectado la problem\u00e1tica, Helguera Jim\u00e9nez asever\u00f3: \u201cPues hablamos del reparto, la organizaci\u00f3n de la log\u00edstica y la misma elaboraci\u00f3n del padr\u00f3n tuvo muchos problemas, puesto que las reglas que se tra\u00edan tuvieron que flexibilizarse porque as\u00ed se pidi\u00f3 para que se pudiera avanzar\u201d.<br \/>\nIndic\u00f3 que fue el malejo malintencionado lo que provoc\u00f3 que en estos momentos haya padrones sumamente inflados, lo que dificulta echar a andar la entrega.<br \/>\nSin embargo, confi\u00f3 en que el asunto se entregar\u00e1 de manera oportuna, entre otras cosas \u201cporque el tiempo de lluvias se ha retrasado un poco, lo que ayudar\u00e1 de manera importante\u201d.<\/p>\n","protected":false},"excerpt":{"rendered":"<p>Por eso los padrones se inflaron en los municipios, asegura Antonio Helguera El presidente de la Junta de Coordinaci\u00f3n Pol\u00edtica del Congreso local, Antonio Helguera Jim\u00e9nez sostuvo que hay varias&hellip; <\/p>\n","protected":false},"author":1,"featured_media":0,"comment_status":"closed","ping_status":"closed","sticky":false,"template":"","format":"standard","meta":{"fifu_image_url":"","fifu_image_alt":"","footnotes":""},"categories":[2,8],"tags":[],"class_list":["post-25919","post","type-post","status-publish","format-standard","hentry","category-congreso","category-featured"],"_links":{"self":[{"href":"https:\/\/www.interaccionnoticias.com.mx\/index.php?rest_route=\/wp\/v2\/posts\/25919","targetHints":{"allow":["GET"]}}],"collection":[{"href":"https:\/\/www.interaccionnoticias.com.mx\/index.php?rest_route=\/wp\/v2\/posts"}],"about":[{"href":"https:\/\/www.interaccionnoticias.com.mx\/index.php?rest_route=\/wp\/v2\/types\/post"}],"author":[{"embeddable":true,"href":"https:\/\/www.interaccionnoticias.com.mx\/index.php?rest_route=\/wp\/v2\/users\/1"}],"replies":[{"embeddable":true,"href":"https:\/\/www.interaccionnoticias.com.mx\/index.php?rest_route=%2Fwp%2Fv2%2Fcomments&post=25919"}],"version-history":[{"count":0,"href":"https:\/\/www.interaccionnoticias.com.mx\/index.php?rest_route=\/wp\/v2\/posts\/25919\/revisions"}],"wp:attachment":[{"href":"https:\/\/www.interaccionnoticias.com.mx\/index.php?rest_route=%2Fwp%2Fv2%2Fmedia&parent=25919"}],"wp:term":[{"taxonomy":"category","embeddable":true,"href":"https:\/\/www.interaccionnoticias.com.mx\/index.php?rest_route=%2Fwp%2Fv2%2Fcategories&post=25919"},{"taxonomy":"post_tag","embeddable":true,"href":"https:\/\/www.interaccionnoticias.com.mx\/index.php?rest_route=%2Fwp%2Fv2%2Ftags&post=25919"}],"curies":[{"name":"wp","href":"https:\/\/api.w.org\/{rel}","templated":true}]}}