{"id":25904,"date":"2019-06-20T18:33:26","date_gmt":"2019-06-20T23:33:26","guid":{"rendered":"http:\/\/www.inter-accion.com.mx\/?p=25904"},"modified":"2019-06-20T18:33:26","modified_gmt":"2019-06-20T23:33:26","slug":"rayo-impacto-la-cupula-de-santa-prisca","status":"publish","type":"post","link":"https:\/\/www.interaccionnoticias.com.mx\/?p=25904","title":{"rendered":"Rayo impact\u00f3 la cupula de Santa Prisca"},"content":{"rendered":"<p><strong>Por negligencia de un residente del INAH<\/strong><br \/>\nPor descuido y negligencia del residente del Instituto Nacional de Antropolog\u00eda e Historia (INAH), Francisco Javier Garc\u00eda Santove\u00f1a, quien mantuvo desconectado el pararrayos de la parroquia de Santa Prisca, el rayo que cay\u00f3 durante la tormenta del 6 de Junio impact\u00f3 directamente sobre la c\u00fapula del templo y no en el citado dispositivo como lo dijo el funcionario, asegur\u00f3 el presidente de la Junta de Conservaci\u00f3n y Vigilancia de Taxco (JCyVT), Mario Flores P\u00e9rez.<br \/>\nSostuvo que el funcionario federal ha mentido sobre la descarga el\u00e9ctrica registrada hace dos semanas, porque en un primer momento asegur\u00f3 que el impacto fue en el pararrayos y de ah\u00ed brinco a la c\u00fapula, cuando la realidad es que el pararrayos estuvo desconectado en todo momento y por lo tanto Garc\u00eda Santove\u00f1a actu\u00f3 con descuido y negligencia, \u201cel rayo fue directo a la c\u00fapula y no en el dispositivo como se dijo\u201d.<br \/>\nPor esa raz\u00f3n, coment\u00f3 Flores P\u00e9rez, la JCyVT ha solicitado la llegada de gente especialista en esos temas y con la capacidad de valorar los da\u00f1os reales que pudo haber sufrido la c\u00fapula de la iglesia de Santa Prisca y San Sebasti\u00e1n, en el \u00e1nimo de contar con un plan de acci\u00f3n para rehabilitar y proteger el patrimonio religioso y cultural de los taxque\u00f1os.<br \/>\nEl tambi\u00e9n ex alcalde de Taxco, reclam\u00f3 la negligencia con que la act\u00faa el residente del INAH porque derivado de su presunci\u00f3n de autoridad federal est\u00e1 destruyendo todo el legado cultural en el municipio, empezando por la parroquia de Santa Prisca, as\u00ed como el resto de templos cat\u00f3licos e inmuebles hist\u00f3ricos a los cu\u00e1les les ha cambiado los colores originales.<br \/>\nPuso como ejemplo que recientemente la JCyVT clausur\u00f3 las obras de rehabilitaci\u00f3n tanto de la Parroquia de Santa Prisca como del Museo de Arte Virreinal \u201cCasa Humboldt\u201d, debido a que Francisco Javier Garc\u00eda Santove\u00f1a alter\u00f3 la crom\u00e1tica original de ambos recintos y les coloc\u00f3 colores a su gusto y los que se le vinieron a la mente, lo mismo que a los templos de Guadalupe, la Santa Veracruz y el resto de iglesias antiguas.<br \/>\nMario Flores P\u00e9rez, pidi\u00f3 a las autoridades correspondientes que se tomen decisiones fuertes en contra del funcionario federal que por su negligencia un rayo impacto directamente sobre la c\u00fapula del templo religioso que es \u00edcono de Taxco y el cu\u00e1l pudiera tener afectaciones considerables, adem\u00e1s de llamarlo a cuentas por la alteraci\u00f3n que ha hecho de los colores originales de las iglesias en la ciudad.<br \/>\nLlam\u00f3 a los taxque\u00f1os a cerrar filas en torno a la defensa del patrimonio religioso y cultural y evitar que bajo el cargo de funcionario federal el residente del INAH, Francisco Javier Garc\u00eda Santove\u00f1a, contin\u00fae destruyendo los inmuebles hist\u00f3ricos de la ciudad al colocarles colores que le satisfacen.<\/p>\n","protected":false},"excerpt":{"rendered":"<p>Por negligencia de un residente del INAH Por descuido y negligencia del residente del Instituto Nacional de Antropolog\u00eda e Historia (INAH), Francisco Javier Garc\u00eda Santove\u00f1a, quien mantuvo desconectado el pararrayos&hellip; <\/p>\n","protected":false},"author":1,"featured_media":0,"comment_status":"closed","ping_status":"closed","sticky":false,"template":"","format":"standard","meta":{"fifu_image_url":"","fifu_image_alt":"","footnotes":""},"categories":[8,23],"tags":[],"class_list":["post-25904","post","type-post","status-publish","format-standard","hentry","category-featured","category-regionales"],"_links":{"self":[{"href":"https:\/\/www.interaccionnoticias.com.mx\/index.php?rest_route=\/wp\/v2\/posts\/25904","targetHints":{"allow":["GET"]}}],"collection":[{"href":"https:\/\/www.interaccionnoticias.com.mx\/index.php?rest_route=\/wp\/v2\/posts"}],"about":[{"href":"https:\/\/www.interaccionnoticias.com.mx\/index.php?rest_route=\/wp\/v2\/types\/post"}],"author":[{"embeddable":true,"href":"https:\/\/www.interaccionnoticias.com.mx\/index.php?rest_route=\/wp\/v2\/users\/1"}],"replies":[{"embeddable":true,"href":"https:\/\/www.interaccionnoticias.com.mx\/index.php?rest_route=%2Fwp%2Fv2%2Fcomments&post=25904"}],"version-history":[{"count":0,"href":"https:\/\/www.interaccionnoticias.com.mx\/index.php?rest_route=\/wp\/v2\/posts\/25904\/revisions"}],"wp:attachment":[{"href":"https:\/\/www.interaccionnoticias.com.mx\/index.php?rest_route=%2Fwp%2Fv2%2Fmedia&parent=25904"}],"wp:term":[{"taxonomy":"category","embeddable":true,"href":"https:\/\/www.interaccionnoticias.com.mx\/index.php?rest_route=%2Fwp%2Fv2%2Fcategories&post=25904"},{"taxonomy":"post_tag","embeddable":true,"href":"https:\/\/www.interaccionnoticias.com.mx\/index.php?rest_route=%2Fwp%2Fv2%2Ftags&post=25904"}],"curies":[{"name":"wp","href":"https:\/\/api.w.org\/{rel}","templated":true}]}}