{"id":25807,"date":"2019-06-17T19:41:58","date_gmt":"2019-06-18T00:41:58","guid":{"rendered":"http:\/\/www.inter-accion.com.mx\/?p=25807"},"modified":"2019-06-17T19:41:58","modified_gmt":"2019-06-18T00:41:58","slug":"astudillo-no-se-puede-mejorar-a-machetazos","status":"publish","type":"post","link":"https:\/\/www.interaccionnoticias.com.mx\/?p=25807","title":{"rendered":"Astudillo: \u201cno se puede mejorar a machetazos\u201d"},"content":{"rendered":"<p><strong>Habla en torno al programa del fertilizante y agradece la canalizaci\u00f3n de recursos por subasta de FGR<\/strong><br \/>\nEl gobernador H\u00e9ctor Astudillo Flores sostuvo que el programa del fertilizante no podr\u00e1 mejorar \u201ca machetazos\u201d, si no con el esfuerzo de todos los actores con capacidad para agilizar la entrega del insumo.<br \/>\nLa ma\u00f1ana del lunes, el jefe del Ejecutivo local estuvo en la colonia Independencia, lugar en el que inaugur\u00f3 la pavimentaci\u00f3n de su principal v\u00eda de acceso,<br \/>\nReconoci\u00f3 que en su calidad de gobernador, es el principal responsable de coordinar los trabajos encaminados a gestionar que el problema del fertilizante se resuelva.<br \/>\nAdmiti\u00f3 que ese, es solo uno m\u00e1s de los temas que se tienen que atender todos los d\u00edas en la entidad, aunque tambi\u00e9n reconoci\u00f3 que se encuentra con m\u00e1s limitaciones que en otros asuntos, porque no est\u00e1 entre sus atribuciones solucionar la inquietud de los grupos inconformes.<br \/>\nEs en esa parte en la que se\u00f1al\u00f3: \u201cTodos estamos de acuerdo en que el programa de fertilizante mejore, pero no puede mejorarse un programa con un machete. A machetazos no se puede mejorar\u201d.<br \/>\nSostuvo que todos los niveles de gobierno est\u00e1n sumamente interesados en que la<br \/>\nsituaci\u00f3n que prevalece en el tema del fertilizante mejore, porque a todos conviene que haya m\u00e1s transparencia y efectividad, pero insisti\u00f3 en que de manera r\u00edspida no se podr\u00e1 hacer gran cosa.<br \/>\nAgradeci\u00f3 el anuncio hecho por el presidente de la Rep\u00fablica, Andr\u00e9s Manuel L\u00f3pez Obrador en el sentido de que los recursos generados por la subasta de bienes asegurados por la Fiscal\u00eda General de la Rep\u00fablica (FGR) ser\u00e1n canalizados para respaldar a comunidades pobres de esta entidad.<br \/>\n\u201cEso merece por supuesto que el gobernador diga gracias, porque necesitamos y el Estado est\u00e1 para que nos ayuden, no para que nos compliquen\u201d, asever\u00f3.<\/p>\n","protected":false},"excerpt":{"rendered":"<p>Habla en torno al programa del fertilizante y agradece la canalizaci\u00f3n de recursos por subasta de FGR El gobernador H\u00e9ctor Astudillo Flores sostuvo que el programa del fertilizante no podr\u00e1&hellip; <\/p>\n","protected":false},"author":1,"featured_media":0,"comment_status":"closed","ping_status":"closed","sticky":false,"template":"","format":"standard","meta":{"fifu_image_url":"","fifu_image_alt":"","footnotes":""},"categories":[8,11],"tags":[],"class_list":["post-25807","post","type-post","status-publish","format-standard","hentry","category-featured","category-guerrero"],"_links":{"self":[{"href":"https:\/\/www.interaccionnoticias.com.mx\/index.php?rest_route=\/wp\/v2\/posts\/25807","targetHints":{"allow":["GET"]}}],"collection":[{"href":"https:\/\/www.interaccionnoticias.com.mx\/index.php?rest_route=\/wp\/v2\/posts"}],"about":[{"href":"https:\/\/www.interaccionnoticias.com.mx\/index.php?rest_route=\/wp\/v2\/types\/post"}],"author":[{"embeddable":true,"href":"https:\/\/www.interaccionnoticias.com.mx\/index.php?rest_route=\/wp\/v2\/users\/1"}],"replies":[{"embeddable":true,"href":"https:\/\/www.interaccionnoticias.com.mx\/index.php?rest_route=%2Fwp%2Fv2%2Fcomments&post=25807"}],"version-history":[{"count":0,"href":"https:\/\/www.interaccionnoticias.com.mx\/index.php?rest_route=\/wp\/v2\/posts\/25807\/revisions"}],"wp:attachment":[{"href":"https:\/\/www.interaccionnoticias.com.mx\/index.php?rest_route=%2Fwp%2Fv2%2Fmedia&parent=25807"}],"wp:term":[{"taxonomy":"category","embeddable":true,"href":"https:\/\/www.interaccionnoticias.com.mx\/index.php?rest_route=%2Fwp%2Fv2%2Fcategories&post=25807"},{"taxonomy":"post_tag","embeddable":true,"href":"https:\/\/www.interaccionnoticias.com.mx\/index.php?rest_route=%2Fwp%2Fv2%2Ftags&post=25807"}],"curies":[{"name":"wp","href":"https:\/\/api.w.org\/{rel}","templated":true}]}}