{"id":2576,"date":"2017-03-06T18:51:41","date_gmt":"2017-03-07T00:51:41","guid":{"rendered":"http:\/\/www.inter-accion.com.mx\/?p=2576"},"modified":"2017-03-06T18:51:41","modified_gmt":"2017-03-07T00:51:41","slug":"civiles-armados-de-zitlala-presentan-queja-contra-la-policia-del-estado","status":"publish","type":"post","link":"https:\/\/www.interaccionnoticias.com.mx\/?p=2576","title":{"rendered":"Civiles armados de Zitlala presentan queja contra la Polic\u00eda del Estado"},"content":{"rendered":"<p>Amagaban con entregar a comunitario a la polic\u00eda del estado<br \/>\n&nbsp;<br \/>\nRepresentantes de la asociaci\u00f3n civil \u201cComunitarios por la Paz y la Justicia\u201d, que operan en Chilapa, Zitlala y Quechultenango acudieron a las instalaciones de la Comisi\u00f3n Estatal de Derechos Humanos (Coddehum) para presentar una queja en contra de elementos de la Polic\u00eda del Estado, que la semana pasada amagaron con entregar a un detenido a la delincuencia organizada. &nbsp;<br \/>\nTranquilino Palatzin Tranquero, presidente de la asociaci\u00f3n que integra 700 civiles armados en la comunidad de Tlaltempanampa, municipio de Zitlala, encabez\u00f3 una comisi\u00f3n que la ma\u00f1ana del lunes se present\u00f3 en las instalaciones de la Coddehum para presentar una queja contra personal de la Secretar\u00eda de Seguridad P\u00fablica (SSP).<br \/>\nExplic\u00f3 que la jornada del 27 de febrero, un integrante de Comunitarios por la Paz sali\u00f3 de una reuni\u00f3n realizada en Tlaltempanampa con direcci\u00f3n a la cabecera municipal, en el trayecto lo intercept\u00f3 la polic\u00eda del estado y lo detuvo por posesi\u00f3n de armas.<br \/>\nEl detenido se llama Fidel Cuchillo, al ser abordado por los uniformados no opuso resistencia, aunque s\u00ed explic\u00f3 que era polic\u00eda comunitario.<br \/>\nDurante el traslado hacia Chilpancingo, los polic\u00edas sostuvieron una discusi\u00f3n con Fidel Cuchillo, a quien le advirtieron que lo entregar\u00edan a un grupo del crimen organizado, para que hicieran de \u00e9l lo que quisieran.<br \/>\n\u201cNo lo hicieron porque elementos del Ej\u00e9rcito Mexicano los vieron, entonces tuvieron que trasladarlo a Chilpancingo y lo dejaron en la delegaci\u00f3n de la Procuradur\u00eda General de la Republica (PGR), pero si no los hubieran visto los militares, seguro dejan al compa\u00f1ero en otras manos\u201d, asegur\u00f3 Palatzin Tranquero.<br \/>\nExplic\u00f3 que Comunitarios por la Paz y a Justicia tiene buena relaci\u00f3n con el personal militar que est\u00e1 instalado en la zona, aunque s\u00ed destac\u00f3 que se ha distorsionado un poco la relaci\u00f3n con la polic\u00eda estatal.<br \/>\nEl presentar la queja ante la Coddehum, dijo que obedece al inter\u00e9s de que no se presenten situaciones similares, porque el riesgo de que su compa\u00f1ero fuera entregado a la delincuencia organizada fue real.<br \/>\n&nbsp;<br \/>\nEn varias ocasiones, el presidente de Siempre Vivos, organizaci\u00f3n que reivindica la presentaci\u00f3n con vida de por lo menos 130 desaparecidos, ha dicho que los autodenominados comunitarios de Chilapa y Zitlala tienen v\u00ednculos con la delincuencia organizada, ya que son ellos los que encabezaron la toma de Chilapa durante cinco d\u00edas en mayo de 2015, tiempo en el que se llevaron por lo menos a 30 personas, de las que hasta el momento se desconoce el paradero.<\/p>\n","protected":false},"excerpt":{"rendered":"<p>Amagaban con entregar a comunitario a la polic\u00eda del estado &nbsp; Representantes de la asociaci\u00f3n civil \u201cComunitarios por la Paz y la Justicia\u201d, que operan en Chilapa, Zitlala y Quechultenango&hellip; <\/p>\n","protected":false},"author":1,"featured_media":0,"comment_status":"open","ping_status":"open","sticky":false,"template":"","format":"standard","meta":{"fifu_image_url":"","fifu_image_alt":"","footnotes":""},"categories":[8,23],"tags":[],"class_list":["post-2576","post","type-post","status-publish","format-standard","hentry","category-featured","category-regionales"],"_links":{"self":[{"href":"https:\/\/www.interaccionnoticias.com.mx\/index.php?rest_route=\/wp\/v2\/posts\/2576","targetHints":{"allow":["GET"]}}],"collection":[{"href":"https:\/\/www.interaccionnoticias.com.mx\/index.php?rest_route=\/wp\/v2\/posts"}],"about":[{"href":"https:\/\/www.interaccionnoticias.com.mx\/index.php?rest_route=\/wp\/v2\/types\/post"}],"author":[{"embeddable":true,"href":"https:\/\/www.interaccionnoticias.com.mx\/index.php?rest_route=\/wp\/v2\/users\/1"}],"replies":[{"embeddable":true,"href":"https:\/\/www.interaccionnoticias.com.mx\/index.php?rest_route=%2Fwp%2Fv2%2Fcomments&post=2576"}],"version-history":[{"count":0,"href":"https:\/\/www.interaccionnoticias.com.mx\/index.php?rest_route=\/wp\/v2\/posts\/2576\/revisions"}],"wp:attachment":[{"href":"https:\/\/www.interaccionnoticias.com.mx\/index.php?rest_route=%2Fwp%2Fv2%2Fmedia&parent=2576"}],"wp:term":[{"taxonomy":"category","embeddable":true,"href":"https:\/\/www.interaccionnoticias.com.mx\/index.php?rest_route=%2Fwp%2Fv2%2Fcategories&post=2576"},{"taxonomy":"post_tag","embeddable":true,"href":"https:\/\/www.interaccionnoticias.com.mx\/index.php?rest_route=%2Fwp%2Fv2%2Ftags&post=2576"}],"curies":[{"name":"wp","href":"https:\/\/api.w.org\/{rel}","templated":true}]}}