{"id":2570,"date":"2017-03-06T18:25:43","date_gmt":"2017-03-07T00:25:43","guid":{"rendered":"http:\/\/www.inter-accion.com.mx\/?p=2570"},"modified":"2017-03-06T18:25:43","modified_gmt":"2017-03-07T00:25:43","slug":"crece-la-cantidad-de-menores-reclutados-por-la-delincuencia-organizada","status":"publish","type":"post","link":"https:\/\/www.interaccionnoticias.com.mx\/?p=2570","title":{"rendered":"Crece, la cantidad de menores reclutados por la delincuencia organizada"},"content":{"rendered":"<p>En&nbsp;Chilpancingo y Acapulco, los casos m\u00e1s recurrentes<br \/>\n&nbsp;<br \/>\nEl titular de la Fiscal\u00eda General del Estado (FGE), Javier Olea Pel\u00e1ez reconoci\u00f3 que se ha disparado el numero de menores de edad y mujeres reclutados por las bandas del crimen organizado, lo que se confirma con las muertes violentas de los \u00faltimos d\u00edas.<br \/>\nEn Chilpancingo, el titular de la FGE destac\u00f3 que solo el domingo 5 de marzo, en diferentes puntos del estado de hubo tres menores de edad asesinados, en actos atribuidos al crimen organizado.<br \/>\nEl caso m\u00e1s notable fue el de una jovencita de 15 a\u00f1os ocurrido en el puerto de Acapulco, se llamaba Brissa y junto a su cad\u00e1ver fue colocada una cartulina con un mensaje intimidatorio, los asesinos la acusaron de vender droga y de cambiar de bando. &nbsp;&nbsp;&nbsp;&nbsp;&nbsp;&nbsp;&nbsp;<br \/>\n\u201cLa delincuencia organizada lo que est\u00e1 haciendo es utilizar tanto a mujeres como a menores de edad para hacer el tr\u00e1fico de estupefacientes, utilizan a los taxistas tambi\u00e9n para vender, para trasladar la mercanc\u00eda. Eso incluye tambi\u00e9n a la ni\u00f1a de 15 que asesinaron ayer (domingo) en Acapulco\u201d.<br \/>\nLa jornada del domingo, entre Chilpancingo y Chilapa hubo cuatro asesinatos, todos ellos, de acuerdo con el fiscal Olea est\u00e1n relacionados con la pugna que sostienen grupos antag\u00f3nicos de la delincuencia organizada.<br \/>\nDestac\u00f3 que de las cuatro v\u00edctimas del domingo en la regi\u00f3n Centro, dos eran menores de edad, en tanto que otro recientemente cumpli\u00f3 18 a\u00f1os.<br \/>\nTambi\u00e9n, refiri\u00f3 que de los cuerpos desmembrados que fueron abandonados sobre los carriles norte-sur de la Autopista del Sol, por lo menos ten\u00eda las caracter\u00edsticas de un menor, aunque todav\u00eda faltaba tener la certeza plena de ello.<br \/>\nMuchos de los adolescentes que se involucran con la delincuencia, de acuerdo con Olea, deambulan en motonetas robadas, se desempa\u00f1an principalmente como informantes o vendedores de droga.<br \/>\nEse tipo de unidades son f\u00e1ciles de robar y conducir para los menores, simplemente les quitan las placas y las pintan de un color diferente al original. &nbsp;&nbsp;&nbsp;<br \/>\nExplica las causas por las que muchos menores terminan en las filas de organizaciones dedicadas al narcotr\u00e1fico: \u201cSon muchachos que tienen problemas de \u00edndole familiar, son muchachos que tienen ambiciones f\u00e1ciles de obtener dinero, la pobreza tambi\u00e9n implica una necesidad, porque reciben un dinero que de otra forma no lo recibir\u00edan\u201d.<br \/>\nNo hay, hasta el momento una estad\u00edstica puntual respecto a la cantidad de menores que han sido asesinados en enfrentamientos entre grupos antag\u00f3nicos, incluso en operativos de la polic\u00eda o del Ejercito Mexicano. &nbsp;&nbsp;<br \/>\nSin embargo, Olea sostiene que muchos adolescentes son la punta de lanza para hacer la distribuci\u00f3n de droga, principalmente porque en caso de ser detenidos por las autoridades f\u00e1cilmente pueden obtener su libertad.<br \/>\nEl rango de edades que se ha detectado va de los 14 a los 17 a\u00f1os, el municipio que tiene m\u00e1s casos es Chilpancingo.<br \/>\nEn febrero pasado, el vocero del Grupo de Coordinaci\u00f3n Guerrero (GCG), Roberto Alvarez Heredia tambi\u00e9n manifest\u00f3 su preocupaci\u00f3n por la tendencia de las bandas a reclutar menores de edad, aunque el se\u00f1al\u00f3 que el fen\u00f3meno se observaba principalmente en la parte alta de la Sierra.<br \/>\nEl vocero cit\u00f3 como ejemplo la detenci\u00f3n de 10 integrantes del grupo conocido como \u201cGuardia Guerrerense\u201d en Zihuatanejo, de ellos tres eran mujeres y siete hombres, de los siete varones por lo menos dos eran menores de edad.<br \/>\nAlvarez Heredia indic\u00f3 entre las causas del fen\u00f3meno la falta de educaci\u00f3n, adem\u00e1s de las crisis que se viven en materia de integraci\u00f3n de las familias.<\/p>\n","protected":false},"excerpt":{"rendered":"<p>En&nbsp;Chilpancingo y Acapulco, los casos m\u00e1s recurrentes &nbsp; El titular de la Fiscal\u00eda General del Estado (FGE), Javier Olea Pel\u00e1ez reconoci\u00f3 que se ha disparado el numero de menores de&hellip; <\/p>\n","protected":false},"author":1,"featured_media":0,"comment_status":"open","ping_status":"open","sticky":false,"template":"","format":"standard","meta":{"fifu_image_url":"","fifu_image_alt":"","footnotes":""},"categories":[8,27],"tags":[],"class_list":["post-2570","post","type-post","status-publish","format-standard","hentry","category-featured","category-seguridad-publica"],"_links":{"self":[{"href":"https:\/\/www.interaccionnoticias.com.mx\/index.php?rest_route=\/wp\/v2\/posts\/2570","targetHints":{"allow":["GET"]}}],"collection":[{"href":"https:\/\/www.interaccionnoticias.com.mx\/index.php?rest_route=\/wp\/v2\/posts"}],"about":[{"href":"https:\/\/www.interaccionnoticias.com.mx\/index.php?rest_route=\/wp\/v2\/types\/post"}],"author":[{"embeddable":true,"href":"https:\/\/www.interaccionnoticias.com.mx\/index.php?rest_route=\/wp\/v2\/users\/1"}],"replies":[{"embeddable":true,"href":"https:\/\/www.interaccionnoticias.com.mx\/index.php?rest_route=%2Fwp%2Fv2%2Fcomments&post=2570"}],"version-history":[{"count":0,"href":"https:\/\/www.interaccionnoticias.com.mx\/index.php?rest_route=\/wp\/v2\/posts\/2570\/revisions"}],"wp:attachment":[{"href":"https:\/\/www.interaccionnoticias.com.mx\/index.php?rest_route=%2Fwp%2Fv2%2Fmedia&parent=2570"}],"wp:term":[{"taxonomy":"category","embeddable":true,"href":"https:\/\/www.interaccionnoticias.com.mx\/index.php?rest_route=%2Fwp%2Fv2%2Fcategories&post=2570"},{"taxonomy":"post_tag","embeddable":true,"href":"https:\/\/www.interaccionnoticias.com.mx\/index.php?rest_route=%2Fwp%2Fv2%2Ftags&post=2570"}],"curies":[{"name":"wp","href":"https:\/\/api.w.org\/{rel}","templated":true}]}}