{"id":2560,"date":"2017-03-06T17:35:08","date_gmt":"2017-03-06T23:35:08","guid":{"rendered":"http:\/\/www.inter-accion.com.mx\/?p=2560"},"modified":"2017-03-06T17:35:08","modified_gmt":"2017-03-06T23:35:08","slug":"impugnaran-candidatura-a-rector-de-javier-saldana-almazan","status":"publish","type":"post","link":"https:\/\/www.interaccionnoticias.com.mx\/?p=2560","title":{"rendered":"Impugnar\u00e1n candidatura a rector de Javier Salda\u00f1a Almaz\u00e1n"},"content":{"rendered":"<p>La dirigencia del Colectivo Insurgencia Universitaria Guerrerense (CIUG), interpondr\u00e1 un \u00faltimo recurso de impugnaci\u00f3n ante el Tribunal Electoral del Poder Judicial de la Federaci\u00f3n, para frenar la candidatura \u00fanica del doctor Javier Salda\u00f1a Almaz\u00e1n, quien busca reelegirse como rector de la Universidad Aut\u00f3noma de Guerrero (UAGro).<br \/>\nLo anterior fue confirmado por integrantes del CIUG, como el catedr\u00e1tico de la facultad de derecho, Rom\u00e1n Ibarra Flores y por Silvia Alem\u00e1n Mundo, que hace apenas unos d\u00edas era aspirante a ser candidata para ocupar el cargo de rector, durante el periodo de 2017 al 2021.<br \/>\nEsto, luego de que a Alem\u00e1n Mundo se le notificara como improcedente su solicitud para convertirse en rector de la UAGro, porque no cumpli\u00f3 con lo establecido por la Comisi\u00f3n Electoral universitaria, concretamente con el \u00abaval\u00bb de 150 consejeros de unidad.<br \/>\nSeg\u00fan Ibarra Flores, el \u00faltimo medio de impugnaci\u00f3n que implementar\u00e1n, es el denominado Juicio para la Protecci\u00f3n de los Derechos Pol\u00edtico-Electorales del Ciudadano, que de ser procedente significar\u00eda \u00abdesechar\u00bb la candidatura \u00fanica de Salda\u00f1a Almaz\u00e1n, por ser anticonstitucional, seg\u00fan palabras del catedr\u00e1tico.<br \/>\n\u00abNo tenemos la seguridad de que vaya a dar la raz\u00f3n (el recurso jur\u00eddico), si dan la raz\u00f3n tendr\u00edan que echar a bajo la convocatoria y ajustar las fechas del proceso, pero no sabemos c\u00f3mo vayan a resolver\u00bb, apunt\u00f3.<br \/>\nEl medio de impugnaci\u00f3n ser\u00e1 remitido al Tribunal Electoral del Estado, para posteriormente redirigirse a la Cuarta Sala Regional del Tribunal Electoral del Poder Judicial de la Federaci\u00f3n, donde deber\u00e1 resolverse.<\/p>\n","protected":false},"excerpt":{"rendered":"<p>La dirigencia del Colectivo Insurgencia Universitaria Guerrerense (CIUG), interpondr\u00e1 un \u00faltimo recurso de impugnaci\u00f3n ante el Tribunal Electoral del Poder Judicial de la Federaci\u00f3n, para frenar la candidatura \u00fanica del&hellip; <\/p>\n","protected":false},"author":1,"featured_media":0,"comment_status":"open","ping_status":"open","sticky":false,"template":"","format":"standard","meta":{"fifu_image_url":"","fifu_image_alt":"","footnotes":""},"categories":[8,30],"tags":[],"class_list":["post-2560","post","type-post","status-publish","format-standard","hentry","category-featured","category-universidad"],"_links":{"self":[{"href":"https:\/\/www.interaccionnoticias.com.mx\/index.php?rest_route=\/wp\/v2\/posts\/2560","targetHints":{"allow":["GET"]}}],"collection":[{"href":"https:\/\/www.interaccionnoticias.com.mx\/index.php?rest_route=\/wp\/v2\/posts"}],"about":[{"href":"https:\/\/www.interaccionnoticias.com.mx\/index.php?rest_route=\/wp\/v2\/types\/post"}],"author":[{"embeddable":true,"href":"https:\/\/www.interaccionnoticias.com.mx\/index.php?rest_route=\/wp\/v2\/users\/1"}],"replies":[{"embeddable":true,"href":"https:\/\/www.interaccionnoticias.com.mx\/index.php?rest_route=%2Fwp%2Fv2%2Fcomments&post=2560"}],"version-history":[{"count":0,"href":"https:\/\/www.interaccionnoticias.com.mx\/index.php?rest_route=\/wp\/v2\/posts\/2560\/revisions"}],"wp:attachment":[{"href":"https:\/\/www.interaccionnoticias.com.mx\/index.php?rest_route=%2Fwp%2Fv2%2Fmedia&parent=2560"}],"wp:term":[{"taxonomy":"category","embeddable":true,"href":"https:\/\/www.interaccionnoticias.com.mx\/index.php?rest_route=%2Fwp%2Fv2%2Fcategories&post=2560"},{"taxonomy":"post_tag","embeddable":true,"href":"https:\/\/www.interaccionnoticias.com.mx\/index.php?rest_route=%2Fwp%2Fv2%2Ftags&post=2560"}],"curies":[{"name":"wp","href":"https:\/\/api.w.org\/{rel}","templated":true}]}}