{"id":25591,"date":"2019-06-06T11:50:42","date_gmt":"2019-06-06T16:50:42","guid":{"rendered":"http:\/\/www.inter-accion.com.mx\/?p=25591"},"modified":"2019-06-06T11:50:42","modified_gmt":"2019-06-06T16:50:42","slug":"nombran-nuevo-jefe-de-la-policia-en-chilpancingo","status":"publish","type":"post","link":"https:\/\/www.interaccionnoticias.com.mx\/?p=25591","title":{"rendered":"Nombran nuevo jefe de la Polic\u00eda en Chilpancingo"},"content":{"rendered":"<p><strong>Renuncia el militar Edgar Ca\u00edn P\u00e9rez Burciaga<\/strong><br \/>\nEl alcalde Antonio Gaspar Beltr\u00e1n tom\u00f3 la protesta de rigor a Fabricio Bautista Romero como titular de la Secretar\u00eda de Seguridad P\u00fablica Municipal (SSPM), tras la renuncia del capit\u00e1n del Ej\u00e9rcito Mexicano, Edgar Ca\u00edn P\u00e9rez Burciaga.<br \/>\nLa noche del mi\u00e9rcoles 5 de junio se confirm\u00f3 la dimisi\u00f3n de P\u00e9r3z Burciaga a la jefatura de la Polic\u00eda en la capital del estado, quien fue convocado a retomar sus actividades en la Secretar\u00eda de la Defensa Nacional (Sedena).<br \/>\nEl alcalde Gaspar Beltr\u00e1n instal\u00f3 en la SSPM al polic\u00eda municipal segundo, Fabricio Bautista, quien tiene 12 a\u00f1os sirviendo en la corporaci\u00f3n local.<br \/>\nUna vez realizado el acto protocolario, el ahora jefe de la polic\u00eda manifest\u00f3 que retomar\u00e1 algunos de los trabajos iniciados por su antecesor en el cargo, pues durante los \u00faltimos meses se consigui\u00f3 una reducci\u00f3n importante en la incidencia delictiva en la capital de Guerrero.<\/p>\n","protected":false},"excerpt":{"rendered":"<p>Renuncia el militar Edgar Ca\u00edn P\u00e9rez Burciaga El alcalde Antonio Gaspar Beltr\u00e1n tom\u00f3 la protesta de rigor a Fabricio Bautista Romero como titular de la Secretar\u00eda de Seguridad P\u00fablica Municipal&hellip; <\/p>\n","protected":false},"author":1,"featured_media":0,"comment_status":"closed","ping_status":"closed","sticky":false,"template":"","format":"standard","meta":{"fifu_image_url":"","fifu_image_alt":"","footnotes":""},"categories":[8,27],"tags":[],"class_list":["post-25591","post","type-post","status-publish","format-standard","hentry","category-featured","category-seguridad-publica"],"_links":{"self":[{"href":"https:\/\/www.interaccionnoticias.com.mx\/index.php?rest_route=\/wp\/v2\/posts\/25591","targetHints":{"allow":["GET"]}}],"collection":[{"href":"https:\/\/www.interaccionnoticias.com.mx\/index.php?rest_route=\/wp\/v2\/posts"}],"about":[{"href":"https:\/\/www.interaccionnoticias.com.mx\/index.php?rest_route=\/wp\/v2\/types\/post"}],"author":[{"embeddable":true,"href":"https:\/\/www.interaccionnoticias.com.mx\/index.php?rest_route=\/wp\/v2\/users\/1"}],"replies":[{"embeddable":true,"href":"https:\/\/www.interaccionnoticias.com.mx\/index.php?rest_route=%2Fwp%2Fv2%2Fcomments&post=25591"}],"version-history":[{"count":0,"href":"https:\/\/www.interaccionnoticias.com.mx\/index.php?rest_route=\/wp\/v2\/posts\/25591\/revisions"}],"wp:attachment":[{"href":"https:\/\/www.interaccionnoticias.com.mx\/index.php?rest_route=%2Fwp%2Fv2%2Fmedia&parent=25591"}],"wp:term":[{"taxonomy":"category","embeddable":true,"href":"https:\/\/www.interaccionnoticias.com.mx\/index.php?rest_route=%2Fwp%2Fv2%2Fcategories&post=25591"},{"taxonomy":"post_tag","embeddable":true,"href":"https:\/\/www.interaccionnoticias.com.mx\/index.php?rest_route=%2Fwp%2Fv2%2Ftags&post=25591"}],"curies":[{"name":"wp","href":"https:\/\/api.w.org\/{rel}","templated":true}]}}