{"id":25573,"date":"2019-06-05T15:00:35","date_gmt":"2019-06-05T20:00:35","guid":{"rendered":"http:\/\/www.inter-accion.com.mx\/?p=25573"},"modified":"2019-06-05T15:00:35","modified_gmt":"2019-06-05T20:00:35","slug":"ofrece-uagro-sus-auditorios-para-que-sesione-el-congreso-local","status":"publish","type":"post","link":"https:\/\/www.interaccionnoticias.com.mx\/?p=25573","title":{"rendered":"Ofrece UAGro sus auditorios para que sesione el Congreso local"},"content":{"rendered":"<p><strong>Mientras prevalezca el conflicto con los trabajadores<\/strong><br \/>\nEl rector de la Universidad Aut\u00f3noma de Guerrero (UAGro), Javier Salda\u00f1a Almaz\u00e1n ofreci\u00f3 los auditorios que tiene la instituci\u00f3n en Chilpancingo y el puerto de Acapulco, para que el Congreso pueda sesionar en sedes alternas sin pagar renta, mientras prevalece el conflicto con sus trabajadores.<br \/>\nHasta la ma\u00f1ana del mi\u00e9rcoles 5 de junio, el paro de la secci\u00f3n 55 del Sindicato Unico de Servidores P\u00fablicos del Estado de Guerrero (SUSPEG), que aglutina a 165 trabajadores basificados del Congreso local prevalec\u00eda, por lo que no hab\u00eda condiciones para que los 46 diputados locales regresaran a trabajar a sus instalaciones, ubicadas en el sector sur de la ciudad.<br \/>\nEl martes 4 de junio, el Congreso sesion\u00f3 en un sal\u00f3n del hotel Holiday Inn, lo que gener\u00f3 el cuestionamiento de los diputados del bloqueo opositor, integrado por el PRI, PVEM PT, MC y PAN, a partir de lo caro que resulta trabajar en lugares de ese tipo.<br \/>\nEl jueves de la semana pasada, el Pleno se instal\u00f3 en el sal\u00f3n de fiestas Cuicalli, antes se trasladaron al hotel Crowne Plaza, en la zona costera de Acapulco y en dos ocasiones sesion\u00f3 en el edificio que alberga al TRiunal Superior de Justicia (TSJ).<br \/>\nLa Mesa Directiva, convocada por la pri\u00edsta Ver\u00f3nica Mu\u00f1oz Parra convoc\u00f3 a sesionar para el jueves 6 de junio a las 11:00 horas, pero no estableci\u00f3 el lugar.<br \/>\nLa ma\u00f1ana del mi\u00e9rcoles, el presidente de la Comisi\u00f3n de Educaci\u00f3n, Ricardo Castillo Pe\u00f1a dej\u00f3 entrever la posibilidad de sesionar en instalaciones de la Universidad Aut\u00f3noma de Guerrero (UAGro), considerando que dicha instituci\u00f3n cuenta con infraestructura suficiente para ello.<br \/>\nEl mismo d\u00eda, el rector de la m\u00e1xima casa de estudios fue cuestionado sobre el tema y manifest\u00f3: \u201cCon todo gusto los recibimos, son bien venidos a la universidad las veces que ellos quieran, la UAGro es institucional, plural, ah\u00ed se formaron varios diputados y bueno, pues ser\u00eda un honor que est\u00e9n con nosotros\u201d.<br \/>\nRespecto a los espacio que se podr\u00edan prestar a la casa de estudios, dijo que podr\u00edan ser el auditorio de rector\u00eda, el de la facultad de Derecho, Ingenier\u00eda o las instalaciones de la escuela de leyes, en Acapulco.<br \/>\nIndic\u00f3 que solo es cuesti\u00f3n de que los diputados manifiesten su inter\u00e9s de que se les apertura alg\u00fan espacio.<\/p>\n","protected":false},"excerpt":{"rendered":"<p>Mientras prevalezca el conflicto con los trabajadores El rector de la Universidad Aut\u00f3noma de Guerrero (UAGro), Javier Salda\u00f1a Almaz\u00e1n ofreci\u00f3 los auditorios que tiene la instituci\u00f3n en Chilpancingo y el&hellip; <\/p>\n","protected":false},"author":1,"featured_media":0,"comment_status":"closed","ping_status":"closed","sticky":false,"template":"","format":"standard","meta":{"fifu_image_url":"","fifu_image_alt":"","footnotes":""},"categories":[8,30],"tags":[],"class_list":["post-25573","post","type-post","status-publish","format-standard","hentry","category-featured","category-universidad"],"_links":{"self":[{"href":"https:\/\/www.interaccionnoticias.com.mx\/index.php?rest_route=\/wp\/v2\/posts\/25573","targetHints":{"allow":["GET"]}}],"collection":[{"href":"https:\/\/www.interaccionnoticias.com.mx\/index.php?rest_route=\/wp\/v2\/posts"}],"about":[{"href":"https:\/\/www.interaccionnoticias.com.mx\/index.php?rest_route=\/wp\/v2\/types\/post"}],"author":[{"embeddable":true,"href":"https:\/\/www.interaccionnoticias.com.mx\/index.php?rest_route=\/wp\/v2\/users\/1"}],"replies":[{"embeddable":true,"href":"https:\/\/www.interaccionnoticias.com.mx\/index.php?rest_route=%2Fwp%2Fv2%2Fcomments&post=25573"}],"version-history":[{"count":0,"href":"https:\/\/www.interaccionnoticias.com.mx\/index.php?rest_route=\/wp\/v2\/posts\/25573\/revisions"}],"wp:attachment":[{"href":"https:\/\/www.interaccionnoticias.com.mx\/index.php?rest_route=%2Fwp%2Fv2%2Fmedia&parent=25573"}],"wp:term":[{"taxonomy":"category","embeddable":true,"href":"https:\/\/www.interaccionnoticias.com.mx\/index.php?rest_route=%2Fwp%2Fv2%2Fcategories&post=25573"},{"taxonomy":"post_tag","embeddable":true,"href":"https:\/\/www.interaccionnoticias.com.mx\/index.php?rest_route=%2Fwp%2Fv2%2Ftags&post=25573"}],"curies":[{"name":"wp","href":"https:\/\/api.w.org\/{rel}","templated":true}]}}