{"id":2557,"date":"2017-03-06T13:43:49","date_gmt":"2017-03-06T19:43:49","guid":{"rendered":"http:\/\/www.inter-accion.com.mx\/?p=2557"},"modified":"2017-03-06T13:43:49","modified_gmt":"2017-03-06T19:43:49","slug":"rojos-y-ardillos-generan-violencia-en-dos-regiones-de-guerrero","status":"publish","type":"post","link":"https:\/\/www.interaccionnoticias.com.mx\/?p=2557","title":{"rendered":"Rojos y Ardillos generan violencia en dos regiones de Guerrero"},"content":{"rendered":"<p>La Centro y Monta\u00f1a en su parte baja&nbsp;<br \/>\nDe acuerdo con el gobierno estatal, la confrontaci\u00f3n entre Rojos y Ardillos involucra los municipios m\u00e1s importantes de las regiones Centro y Monta\u00f1a baja de Guerrero, entre ellos Chilpancingo, Tixtla, Chilapa de Alvarez y Zitlala.<br \/>\nLa ma\u00f1ana del lunes, el vocero oficial del Grupo de Coordinaci\u00f3n Guerrero (GCG), Roberto Alvarez Heredia indic\u00f3 que los hechos de violencia que se han registrado en las \u00faltimas semanas, son en realidad \u201cuna continuaci\u00f3n de la lucha encarnizada que hay entre grupos del crimen organizado por el control de las zonas de producci\u00f3n de amapola y sus puntos de venta\u201d.<br \/>\nRefiri\u00f3 que existe una zona territorial muy extensa que se disputa la delincuencia, en ella se ubican los municipios de Tixtla; Chilpancingo, Chilapa y Zitlala, aunque hay otras localidades afectadas.<br \/>\nLa pugna entre Rojos y Ardillos comenz\u00f3 antes de 2012, de ese tiempo a la fecha, el colectivo \u201cSiempre Vivos\u201d ha registrado al menos 230 hechos crimin\u00f3genos relacionados con dicha confrontaci\u00f3n, entre homicidios, desapariciones y secuestros.<\/p>\n","protected":false},"excerpt":{"rendered":"<p>La Centro y Monta\u00f1a en su parte baja&nbsp; De acuerdo con el gobierno estatal, la confrontaci\u00f3n entre Rojos y Ardillos involucra los municipios m\u00e1s importantes de las regiones Centro y&hellip; <\/p>\n","protected":false},"author":1,"featured_media":0,"comment_status":"open","ping_status":"open","sticky":false,"template":"","format":"standard","meta":{"fifu_image_url":"","fifu_image_alt":"","footnotes":""},"categories":[8,27],"tags":[],"class_list":["post-2557","post","type-post","status-publish","format-standard","hentry","category-featured","category-seguridad-publica"],"_links":{"self":[{"href":"https:\/\/www.interaccionnoticias.com.mx\/index.php?rest_route=\/wp\/v2\/posts\/2557","targetHints":{"allow":["GET"]}}],"collection":[{"href":"https:\/\/www.interaccionnoticias.com.mx\/index.php?rest_route=\/wp\/v2\/posts"}],"about":[{"href":"https:\/\/www.interaccionnoticias.com.mx\/index.php?rest_route=\/wp\/v2\/types\/post"}],"author":[{"embeddable":true,"href":"https:\/\/www.interaccionnoticias.com.mx\/index.php?rest_route=\/wp\/v2\/users\/1"}],"replies":[{"embeddable":true,"href":"https:\/\/www.interaccionnoticias.com.mx\/index.php?rest_route=%2Fwp%2Fv2%2Fcomments&post=2557"}],"version-history":[{"count":0,"href":"https:\/\/www.interaccionnoticias.com.mx\/index.php?rest_route=\/wp\/v2\/posts\/2557\/revisions"}],"wp:attachment":[{"href":"https:\/\/www.interaccionnoticias.com.mx\/index.php?rest_route=%2Fwp%2Fv2%2Fmedia&parent=2557"}],"wp:term":[{"taxonomy":"category","embeddable":true,"href":"https:\/\/www.interaccionnoticias.com.mx\/index.php?rest_route=%2Fwp%2Fv2%2Fcategories&post=2557"},{"taxonomy":"post_tag","embeddable":true,"href":"https:\/\/www.interaccionnoticias.com.mx\/index.php?rest_route=%2Fwp%2Fv2%2Ftags&post=2557"}],"curies":[{"name":"wp","href":"https:\/\/api.w.org\/{rel}","templated":true}]}}