{"id":25567,"date":"2019-06-04T20:56:19","date_gmt":"2019-06-05T01:56:19","guid":{"rendered":"http:\/\/www.inter-accion.com.mx\/?p=25567"},"modified":"2019-06-04T20:56:19","modified_gmt":"2019-06-05T01:56:19","slug":"bloqueo-opositor-analiza-hacer-vacio-en-las-sesiones-de-congreso","status":"publish","type":"post","link":"https:\/\/www.interaccionnoticias.com.mx\/?p=25567","title":{"rendered":"Bloqueo opositor analiza hacer vac\u00edo en las sesiones de Congreso"},"content":{"rendered":"<p><strong>Si siguen trabajando en sedes alternas<\/strong><br \/>\nLos diputados integrados en el Bloque del PRI, PRD, PT, PAN, PVEM y MC analizan dejar de asistir a las sesiones del Congreso local, por considerar que hacerlo fuera de sus instalaciones es actuar fuera de la institucionalidad, adem\u00e1s de que genera un gasto que contraviene el principio de austeridad.<br \/>\nH\u00e9ctor Apreza Patr\u00f3n, coordinador de la fracci\u00f3n parlamentaria del PRI, consider\u00f3 sumamente lamentable que los diputados de Guerrero sigan sesionando fuera de su recinto oficial, a partir de un tema sindical que se puede atender.<br \/>\nEl coordinador de los diputados del PRI dijo que desconoce cuanto pudo costar la renta del Hotel Crownne Plaza, en la Costera Miguel Alem\u00e1n de Acapulco; del sal\u00f3n de fiestas Cuicalli de Chilpancingo y ahora del hotel Holiyday Inn, sin embargo, destac\u00f3 que el recurso invertido en esas rentas bien pudo canalizarse a la negociaci\u00f3n con los trabajadores.<br \/>\nCon voluntad, manifest\u00f3 que el tema se pudo haber resuelto desde hace tiempo, pues hasta el momento no se conoce el monto empleado para sesionar en sedes alternas.<br \/>\nPor eso anot\u00f3: Nosotros estamos haciendo la seria valoraci\u00f3n de ya no asistir, si seguimos fuera de nuestro edificio\u201d.<br \/>\nDijo que este martes la bancada del PRI no pensaba estar en la sesi\u00f3n del Pleno, pero una vez que lleg\u00f3 la minuta del Senado, alusiva a la paridad de g\u00e9nero efectiva, es que decidieron presentarse para iniciar el tr\u00e1mite legislativo.<br \/>\n\u201cAcudimos en atenci\u00f3n a la lucha hist\u00f3rica de las mujeres, por eso es que estamos presentes\u201d, anot\u00f3.<br \/>\nEl presidente de la Comisi\u00f3n de Asuntos Constitucionales, Bernardo Ortega Jim\u00e9nez, dijo en su momento que la bancada del PRD tambi\u00e9n ya analiza no presentarse a sesionar a sedes alternas, en un acto de congruencia.<br \/>\nLa jornada del jueves, el diputado por Morena, Servando de Jes\u00fas Salgado Guzm\u00e1n dio a conocer un video en el que anunci\u00f3 que se ausentar\u00eda de la sesi\u00f3n, por considerar que pagar un hotel de cinco estrellas resulta incongruente con la austeridad republicana que plantea el presidente de la Rep\u00fablica, Andr\u00e9s Manuel L\u00f3pez Obrador.<\/p>\n","protected":false},"excerpt":{"rendered":"<p>Si siguen trabajando en sedes alternas Los diputados integrados en el Bloque del PRI, PRD, PT, PAN, PVEM y MC analizan dejar de asistir a las sesiones del Congreso local,&hellip; <\/p>\n","protected":false},"author":1,"featured_media":0,"comment_status":"closed","ping_status":"closed","sticky":false,"template":"","format":"standard","meta":{"fifu_image_url":"","fifu_image_alt":"","footnotes":""},"categories":[2,8],"tags":[],"class_list":["post-25567","post","type-post","status-publish","format-standard","hentry","category-congreso","category-featured"],"_links":{"self":[{"href":"https:\/\/www.interaccionnoticias.com.mx\/index.php?rest_route=\/wp\/v2\/posts\/25567","targetHints":{"allow":["GET"]}}],"collection":[{"href":"https:\/\/www.interaccionnoticias.com.mx\/index.php?rest_route=\/wp\/v2\/posts"}],"about":[{"href":"https:\/\/www.interaccionnoticias.com.mx\/index.php?rest_route=\/wp\/v2\/types\/post"}],"author":[{"embeddable":true,"href":"https:\/\/www.interaccionnoticias.com.mx\/index.php?rest_route=\/wp\/v2\/users\/1"}],"replies":[{"embeddable":true,"href":"https:\/\/www.interaccionnoticias.com.mx\/index.php?rest_route=%2Fwp%2Fv2%2Fcomments&post=25567"}],"version-history":[{"count":0,"href":"https:\/\/www.interaccionnoticias.com.mx\/index.php?rest_route=\/wp\/v2\/posts\/25567\/revisions"}],"wp:attachment":[{"href":"https:\/\/www.interaccionnoticias.com.mx\/index.php?rest_route=%2Fwp%2Fv2%2Fmedia&parent=25567"}],"wp:term":[{"taxonomy":"category","embeddable":true,"href":"https:\/\/www.interaccionnoticias.com.mx\/index.php?rest_route=%2Fwp%2Fv2%2Fcategories&post=25567"},{"taxonomy":"post_tag","embeddable":true,"href":"https:\/\/www.interaccionnoticias.com.mx\/index.php?rest_route=%2Fwp%2Fv2%2Ftags&post=25567"}],"curies":[{"name":"wp","href":"https:\/\/api.w.org\/{rel}","templated":true}]}}