{"id":25558,"date":"2019-06-04T20:48:59","date_gmt":"2019-06-05T01:48:59","guid":{"rendered":"http:\/\/www.inter-accion.com.mx\/?p=25558"},"modified":"2019-06-04T20:48:59","modified_gmt":"2019-06-05T01:48:59","slug":"hay-avances-en-las-negociaciones-con-los-trabajadores-en-paro-dice-lider-del-congreso","status":"publish","type":"post","link":"https:\/\/www.interaccionnoticias.com.mx\/?p=25558","title":{"rendered":"Hay avances en las negociaciones con los trabajadores en paro, dice l\u00edder del Congreso"},"content":{"rendered":"<p><strong>Admite que mientras siga el movimiento, los diputados sesionar\u00e1n en sedes alternas<\/strong><br \/>\nEl presidente de la Junta de Coordinaci\u00f3n Pol\u00edtica (Jucopo) del Congreso local, Antonio Helguera Jim\u00e9nez sostuvo que ya hay avances con los trabajadores que se mantienen en paro desde hace 22 d\u00edas, pero se abstuvo el derecho de darlos a conocer, para evitar que se compliquen los trabajos.<br \/>\nDurante la quinta sesi\u00f3n que el Congreso local realiza fuera de sus instalaciones, a partir del plant\u00f3n que sostiene la secci\u00f3n 55 del Sindicato Unico de Servidores P\u00fablicos del Estado de Guerrero (SUSPEG), el tambi\u00e9n coordinador de la fracci\u00f3n parlamentaria de Morena, manifest\u00f3 que la noche del lunes 3 de junio hubo una reuni\u00f3n muy importante con los trabajadores.<br \/>\n\u201cHay un acuerdo y avanzamos, pero el acuerdo es tambi\u00e9n de que nos mantengamos as\u00ed, sin mencionar las cosas, hasta que haya algo definitivo\u201d, se\u00f1al\u00f3 el legislador.<br \/>\nNo quiso aventurar alguna fecha respecto a la posible soluci\u00f3n del movimiento, pero s\u00ed refiri\u00f3 que poco a poco, la comisi\u00f3n negociadora se acerca al desenlace del movimiento.<br \/>\nAunque reconoci\u00f3 que ya son cinco sesiones que se desarrollan fuera de las instalaciones oficiales del Congreso, Helguera Jim\u00e9nez asever\u00f3 que mientras el paro no concluya, los diputados tendr\u00e1n que laborar en sedes alternas.<br \/>\n\u201cMientras no resolvamos esto, vamos a tener que contar con sedes alternas, porque necesitamos seguir trabajando\u201d, anot\u00f3.<br \/>\nCuestionado sobre lo que se ha tenido que gasta en el uso de instalaciones ajenas, el legislador asever\u00f3: \u201cTodo tiene costos, pero en realidad las cosas no van en funci\u00f3n del costo, es en funci\u00f3n del trabajo\u201d.<\/p>\n","protected":false},"excerpt":{"rendered":"<p>Admite que mientras siga el movimiento, los diputados sesionar\u00e1n en sedes alternas El presidente de la Junta de Coordinaci\u00f3n Pol\u00edtica (Jucopo) del Congreso local, Antonio Helguera Jim\u00e9nez sostuvo que ya&hellip; <\/p>\n","protected":false},"author":1,"featured_media":0,"comment_status":"closed","ping_status":"closed","sticky":false,"template":"","format":"standard","meta":{"fifu_image_url":"","fifu_image_alt":"","footnotes":""},"categories":[2,8],"tags":[],"class_list":["post-25558","post","type-post","status-publish","format-standard","hentry","category-congreso","category-featured"],"_links":{"self":[{"href":"https:\/\/www.interaccionnoticias.com.mx\/index.php?rest_route=\/wp\/v2\/posts\/25558","targetHints":{"allow":["GET"]}}],"collection":[{"href":"https:\/\/www.interaccionnoticias.com.mx\/index.php?rest_route=\/wp\/v2\/posts"}],"about":[{"href":"https:\/\/www.interaccionnoticias.com.mx\/index.php?rest_route=\/wp\/v2\/types\/post"}],"author":[{"embeddable":true,"href":"https:\/\/www.interaccionnoticias.com.mx\/index.php?rest_route=\/wp\/v2\/users\/1"}],"replies":[{"embeddable":true,"href":"https:\/\/www.interaccionnoticias.com.mx\/index.php?rest_route=%2Fwp%2Fv2%2Fcomments&post=25558"}],"version-history":[{"count":0,"href":"https:\/\/www.interaccionnoticias.com.mx\/index.php?rest_route=\/wp\/v2\/posts\/25558\/revisions"}],"wp:attachment":[{"href":"https:\/\/www.interaccionnoticias.com.mx\/index.php?rest_route=%2Fwp%2Fv2%2Fmedia&parent=25558"}],"wp:term":[{"taxonomy":"category","embeddable":true,"href":"https:\/\/www.interaccionnoticias.com.mx\/index.php?rest_route=%2Fwp%2Fv2%2Fcategories&post=25558"},{"taxonomy":"post_tag","embeddable":true,"href":"https:\/\/www.interaccionnoticias.com.mx\/index.php?rest_route=%2Fwp%2Fv2%2Ftags&post=25558"}],"curies":[{"name":"wp","href":"https:\/\/api.w.org\/{rel}","templated":true}]}}