{"id":25535,"date":"2019-06-03T22:33:13","date_gmt":"2019-06-04T03:33:13","guid":{"rendered":"http:\/\/www.inter-accion.com.mx\/?p=25535"},"modified":"2019-06-03T22:33:13","modified_gmt":"2019-06-04T03:33:13","slug":"yo-como-el-chinito-dice-el-gobernador-ante-las-elecciones-del-domingo","status":"publish","type":"post","link":"https:\/\/www.interaccionnoticias.com.mx\/?p=25535","title":{"rendered":"\u201cYo como el chinito\u201d, dice el gobernador ante las elecciones del domingo"},"content":{"rendered":"<p><img loading=\"lazy\" decoding=\"async\" src=\"data:image\/gif;base64,R0lGODlhAQABAIAAAAAAAP\/\/\/ywAAAAAAQABAAACAUwAOw==\" fifu-lazy=\"1\" fifu-data-sizes=\"auto\" fifu-data-srcset=\"https:\/\/i0.wp.com\/www.inter-accion.com.mx\/wp-content\/uploads\/2019\/06\/1-1-300x170.jpg?ssl=1&w=75&resize=75&ssl=1 75w, https:\/\/i0.wp.com\/www.inter-accion.com.mx\/wp-content\/uploads\/2019\/06\/1-1-300x170.jpg?ssl=1&w=100&resize=100&ssl=1 100w, https:\/\/i0.wp.com\/www.inter-accion.com.mx\/wp-content\/uploads\/2019\/06\/1-1-300x170.jpg?ssl=1&w=150&resize=150&ssl=1 150w, https:\/\/i0.wp.com\/www.inter-accion.com.mx\/wp-content\/uploads\/2019\/06\/1-1-300x170.jpg?ssl=1&w=240&resize=240&ssl=1 240w, https:\/\/i0.wp.com\/www.inter-accion.com.mx\/wp-content\/uploads\/2019\/06\/1-1-300x170.jpg?ssl=1&w=320&resize=320&ssl=1 320w, https:\/\/i0.wp.com\/www.inter-accion.com.mx\/wp-content\/uploads\/2019\/06\/1-1-300x170.jpg?ssl=1&w=500&resize=500&ssl=1 500w, https:\/\/i0.wp.com\/www.inter-accion.com.mx\/wp-content\/uploads\/2019\/06\/1-1-300x170.jpg?ssl=1&w=640&resize=640&ssl=1 640w, https:\/\/i0.wp.com\/www.inter-accion.com.mx\/wp-content\/uploads\/2019\/06\/1-1-300x170.jpg?ssl=1&w=800&resize=800&ssl=1 800w, https:\/\/i0.wp.com\/www.inter-accion.com.mx\/wp-content\/uploads\/2019\/06\/1-1-300x170.jpg?ssl=1&w=1024&resize=1024&ssl=1 1024w, https:\/\/i0.wp.com\/www.inter-accion.com.mx\/wp-content\/uploads\/2019\/06\/1-1-300x170.jpg?ssl=1&w=1280&resize=1280&ssl=1 1280w, https:\/\/i0.wp.com\/www.inter-accion.com.mx\/wp-content\/uploads\/2019\/06\/1-1-300x170.jpg?ssl=1&w=1600&resize=1600&ssl=1 1600w\" class=\"alignnone size-medium wp-image-25536\" fifu-data-src=\"https:\/\/i0.wp.com\/www.inter-accion.com.mx\/wp-content\/uploads\/2019\/06\/1-1-300x170.jpg?ssl=1\" alt=\"\" width=\"300\" height=\"170\"><br \/>\n\u00b7Tambi\u00e9n se le cuestion\u00f3 sobre la presentaci\u00f3n de la primer precandidatura a gobernador en Guerrero<br \/>\nRogelio Agust\u00edn<br \/>\n\u201cYo como el chinito, nom\u00e1s milando\u201d, dijo el gobernador H\u00e9ctor Astudillo Flores al referirse a las elecciones del domingo en diferentes entidades del pa\u00eds, as\u00ed como a los movimientos que ya comienzan a registrar los partidos pol\u00edticos en Guerrero.<br \/>\nCuestionado sobre las tendencias electorales que registran los comicios del domingo 2 de junio en diferentes partes del pa\u00eds, el jefe del Ejecutivo local manifest\u00f3 que esa es una muestra muy clara de la realidad que vive el pa\u00eds, tanto en el \u00e1mbito de las nuevas coaliciones como del posicionamiento interno que viven los partidos pol\u00edticos.<br \/>\nIndic\u00f3: \u201cLas nuevas coaliciones, agrupaciones, las nuevas sociedades pol\u00edticas que se hacen para participar, son otra modalidad que reflejan como est\u00e1 el pa\u00eds\u201d.<br \/>\nNo profundiz\u00f3 en el detalle del balance que dejan las elecciones del domingo.<br \/>\nTambi\u00e9n se le cuestion\u00f3 sobre los movimientos que se registran al seno del PRD, donde ya el domingo se present\u00f3 al ex l\u00edder del Congreso local, Carlos Reyes Torres como un posible candidato a la gubernatura.<br \/>\n\u201cEst\u00e1n en el uso de sus derechos, se merecen mi respeto, Yo como el chinito: nom\u00e1s milando\u201d, dijo Astudillo Flores a manera de chascarrillo.<\/p>\n","protected":false},"excerpt":{"rendered":"<p>\u00b7Tambi\u00e9n se le cuestion\u00f3 sobre la presentaci\u00f3n de la primer precandidatura a gobernador en Guerrero Rogelio Agust\u00edn \u201cYo como el chinito, nom\u00e1s milando\u201d, dijo el gobernador H\u00e9ctor Astudillo Flores al&hellip; <\/p>\n","protected":false},"author":1,"featured_media":0,"comment_status":"closed","ping_status":"closed","sticky":false,"template":"","format":"standard","meta":{"fifu_image_url":"","fifu_image_alt":"","footnotes":""},"categories":[8,11,28],"tags":[],"class_list":["post-25535","post","type-post","status-publish","format-standard","hentry","category-featured","category-guerrero","category-sin-categoria"],"_links":{"self":[{"href":"https:\/\/www.interaccionnoticias.com.mx\/index.php?rest_route=\/wp\/v2\/posts\/25535","targetHints":{"allow":["GET"]}}],"collection":[{"href":"https:\/\/www.interaccionnoticias.com.mx\/index.php?rest_route=\/wp\/v2\/posts"}],"about":[{"href":"https:\/\/www.interaccionnoticias.com.mx\/index.php?rest_route=\/wp\/v2\/types\/post"}],"author":[{"embeddable":true,"href":"https:\/\/www.interaccionnoticias.com.mx\/index.php?rest_route=\/wp\/v2\/users\/1"}],"replies":[{"embeddable":true,"href":"https:\/\/www.interaccionnoticias.com.mx\/index.php?rest_route=%2Fwp%2Fv2%2Fcomments&post=25535"}],"version-history":[{"count":0,"href":"https:\/\/www.interaccionnoticias.com.mx\/index.php?rest_route=\/wp\/v2\/posts\/25535\/revisions"}],"wp:attachment":[{"href":"https:\/\/www.interaccionnoticias.com.mx\/index.php?rest_route=%2Fwp%2Fv2%2Fmedia&parent=25535"}],"wp:term":[{"taxonomy":"category","embeddable":true,"href":"https:\/\/www.interaccionnoticias.com.mx\/index.php?rest_route=%2Fwp%2Fv2%2Fcategories&post=25535"},{"taxonomy":"post_tag","embeddable":true,"href":"https:\/\/www.interaccionnoticias.com.mx\/index.php?rest_route=%2Fwp%2Fv2%2Ftags&post=25535"}],"curies":[{"name":"wp","href":"https:\/\/api.w.org\/{rel}","templated":true}]}}