{"id":25528,"date":"2019-06-03T22:26:35","date_gmt":"2019-06-04T03:26:35","guid":{"rendered":"http:\/\/www.inter-accion.com.mx\/?p=25528"},"modified":"2019-06-03T22:26:35","modified_gmt":"2019-06-04T03:26:35","slug":"hay-una-evidente-paralisis-en-el-congreso-de-guerrero","status":"publish","type":"post","link":"https:\/\/www.interaccionnoticias.com.mx\/?p=25528","title":{"rendered":"Hay una evidente par\u00e1lisis en el Congreso de Guerrero"},"content":{"rendered":"<p><br \/>\nPor el conflicto no resuelto, sostiene Jorge Salgado Parra<br \/>\nSNI, Chilpancingo, 03 de junio.- El diputado local por el PRI, Jorge Salgado Parra, advirti\u00f3 par\u00e1lisis e improductividad legislativa en el Congreso local debido al conflicto sindical que se mantiene desde hace dos semanas.<br \/>\nDesde el lunes 20 de mayo, 135 trabajadores del Congreso y 30 de la Auditor\u00eda Superior del Estado iniciaron un paro laboral indefinido y tomaron la sede del Poder Legislativo local, para demandar un incremento del 13 por ciento al salario base.<br \/>\nDesde entonces, los legisladores han tenido que sesionar en tres sedes alternas: el auditorio del Tribunal Superior de Justicia, un hotel de Acapulco y la \u00faltima, en un sal\u00f3n de la capital.<br \/>\nSalgado Parra asever\u00f3 que el Pleno ya no puede sesionar en sedes alternas y por ello urgi\u00f3 al presidente de la Junta de Coordinaci\u00f3n Pol\u00edtica (Jucopo), Antonio Helguera Jim\u00e9nez, a resolver el conflicto sindical.<br \/>\n\u00abEs complicado que sigamos sesionando fuera del recinto oficial. Primero en Acapulco, luego en Chilpancingo con diferentes \u00f3rdenes del d\u00eda, con cosas que no se acuerdan en la conferencia. Esperamos que la Jucopo ya arregle esto, pero no se ve en realidad que haya una soluci\u00f3n\u00bb, apunt\u00f3 el pri\u00edsta.<br \/>\nSubray\u00f3 que los diputados guardan documentos importantes y fundamentales para el desempe\u00f1o de su trabajo dentro de sus oficinas en el Palacio Legislativo.<br \/>\nSalgado Parra consider\u00f3 que el presidente de la Jucopo es responsable de que el conflicto sindical se haya alargado durante tantos d\u00edas, porque no ha participado en la mesa de di\u00e1logo con los trabajadores.<br \/>\nSin embargo, confi\u00f3 en que el diputado Antonio Helguera Jim\u00e9nez pueda resolver el paro laboral en esta semana.<\/p>\n","protected":false},"excerpt":{"rendered":"<p>Por el conflicto no resuelto, sostiene Jorge Salgado Parra SNI, Chilpancingo, 03 de junio.- El diputado local por el PRI, Jorge Salgado Parra, advirti\u00f3 par\u00e1lisis e improductividad legislativa en el&hellip; <\/p>\n","protected":false},"author":1,"featured_media":0,"comment_status":"closed","ping_status":"closed","sticky":false,"template":"","format":"standard","meta":{"fifu_image_url":"","fifu_image_alt":"","footnotes":""},"categories":[2,8],"tags":[],"class_list":["post-25528","post","type-post","status-publish","format-standard","hentry","category-congreso","category-featured"],"_links":{"self":[{"href":"https:\/\/www.interaccionnoticias.com.mx\/index.php?rest_route=\/wp\/v2\/posts\/25528","targetHints":{"allow":["GET"]}}],"collection":[{"href":"https:\/\/www.interaccionnoticias.com.mx\/index.php?rest_route=\/wp\/v2\/posts"}],"about":[{"href":"https:\/\/www.interaccionnoticias.com.mx\/index.php?rest_route=\/wp\/v2\/types\/post"}],"author":[{"embeddable":true,"href":"https:\/\/www.interaccionnoticias.com.mx\/index.php?rest_route=\/wp\/v2\/users\/1"}],"replies":[{"embeddable":true,"href":"https:\/\/www.interaccionnoticias.com.mx\/index.php?rest_route=%2Fwp%2Fv2%2Fcomments&post=25528"}],"version-history":[{"count":0,"href":"https:\/\/www.interaccionnoticias.com.mx\/index.php?rest_route=\/wp\/v2\/posts\/25528\/revisions"}],"wp:attachment":[{"href":"https:\/\/www.interaccionnoticias.com.mx\/index.php?rest_route=%2Fwp%2Fv2%2Fmedia&parent=25528"}],"wp:term":[{"taxonomy":"category","embeddable":true,"href":"https:\/\/www.interaccionnoticias.com.mx\/index.php?rest_route=%2Fwp%2Fv2%2Fcategories&post=25528"},{"taxonomy":"post_tag","embeddable":true,"href":"https:\/\/www.interaccionnoticias.com.mx\/index.php?rest_route=%2Fwp%2Fv2%2Ftags&post=25528"}],"curies":[{"name":"wp","href":"https:\/\/api.w.org\/{rel}","templated":true}]}}