{"id":25525,"date":"2019-06-03T19:32:15","date_gmt":"2019-06-04T00:32:15","guid":{"rendered":"http:\/\/www.inter-accion.com.mx\/?p=25525"},"modified":"2019-06-03T19:32:15","modified_gmt":"2019-06-04T00:32:15","slug":"gobierno-estatal-no-podra-auxiliar-a-para-municipales-ante-adeudos-con-la-cfe","status":"publish","type":"post","link":"https:\/\/www.interaccionnoticias.com.mx\/?p=25525","title":{"rendered":"Gobierno estatal no podr\u00e1 auxiliar a para municipales ante adeudos con la CFE"},"content":{"rendered":"<p><img loading=\"lazy\" decoding=\"async\" src=\"data:image\/gif;base64,R0lGODlhAQABAIAAAAAAAP\/\/\/ywAAAAAAQABAAACAUwAOw==\" fifu-lazy=\"1\" fifu-data-sizes=\"auto\" fifu-data-srcset=\"https:\/\/i0.wp.com\/www.inter-accion.com.mx\/wp-content\/uploads\/2019\/06\/5-300x146.jpg?ssl=1&w=75&resize=75&ssl=1 75w, https:\/\/i0.wp.com\/www.inter-accion.com.mx\/wp-content\/uploads\/2019\/06\/5-300x146.jpg?ssl=1&w=100&resize=100&ssl=1 100w, https:\/\/i0.wp.com\/www.inter-accion.com.mx\/wp-content\/uploads\/2019\/06\/5-300x146.jpg?ssl=1&w=150&resize=150&ssl=1 150w, https:\/\/i0.wp.com\/www.inter-accion.com.mx\/wp-content\/uploads\/2019\/06\/5-300x146.jpg?ssl=1&w=240&resize=240&ssl=1 240w, https:\/\/i0.wp.com\/www.inter-accion.com.mx\/wp-content\/uploads\/2019\/06\/5-300x146.jpg?ssl=1&w=320&resize=320&ssl=1 320w, https:\/\/i0.wp.com\/www.inter-accion.com.mx\/wp-content\/uploads\/2019\/06\/5-300x146.jpg?ssl=1&w=500&resize=500&ssl=1 500w, https:\/\/i0.wp.com\/www.inter-accion.com.mx\/wp-content\/uploads\/2019\/06\/5-300x146.jpg?ssl=1&w=640&resize=640&ssl=1 640w, https:\/\/i0.wp.com\/www.inter-accion.com.mx\/wp-content\/uploads\/2019\/06\/5-300x146.jpg?ssl=1&w=800&resize=800&ssl=1 800w, https:\/\/i0.wp.com\/www.inter-accion.com.mx\/wp-content\/uploads\/2019\/06\/5-300x146.jpg?ssl=1&w=1024&resize=1024&ssl=1 1024w, https:\/\/i0.wp.com\/www.inter-accion.com.mx\/wp-content\/uploads\/2019\/06\/5-300x146.jpg?ssl=1&w=1280&resize=1280&ssl=1 1280w, https:\/\/i0.wp.com\/www.inter-accion.com.mx\/wp-content\/uploads\/2019\/06\/5-300x146.jpg?ssl=1&w=1600&resize=1600&ssl=1 1600w\" class=\"alignnone size-medium wp-image-25526\" fifu-data-src=\"https:\/\/i0.wp.com\/www.inter-accion.com.mx\/wp-content\/uploads\/2019\/06\/5-300x146.jpg?ssl=1\" alt=\"\" width=\"300\" height=\"146\"><br \/>\nDeben resolver sus adeudos de manera independiente<br \/>\nAlondra Garc\u00eda<br \/>\nChilpancingo, 03 de junio.- El secretario de Finanzas y Administraci\u00f3n de Guerrero, Tulio P\u00e9rez Calvo, hizo un llamado a los organismos operadores de agua potable de Chilpancingo y Acapulco a \u00abbuscar mecanismos de ahorro\u00bb para que resuelvan los adeudos millonarios que tienen con la Comisi\u00f3n Federal de Electricidad (CFE).<br \/>\nLa Comisi\u00f3n de Agua Potable y Alcantarillado de Chilpancingo (Capach) debe m\u00e1s de 10 millones de pesos a la CFE por el consumo el\u00e9ctrico del sistema de bombeo.<br \/>\nLa semana pasada, el alcalde capitalino Antonio Gaspar Beltr\u00e1n tuvo que desviar un mill\u00f3n y medio de pesos del Fondo de Aportaciones para el Fortalecimiento de los Municipios (Fortamun) para abonarlos a la deuda, porque la CFE hab\u00eda amenazado con cortar el suministro el\u00e9ctrico.<br \/>\nCuestionado al respecto, Tulio P\u00e9rez Calvo pidi\u00f3 a los municipios que \u00abbusquen la manera\u00bb para resolver las deudas millonarias que sus organismos operadores de agua tienen con la CFE.<br \/>\n\u00abLa verdad es que s\u00ed se puede. S\u00ed pueden buscar mecanismos de ahorro y destinar recursos espec\u00edficos para depurar sus organismos\u00bb, asever\u00f3.<br \/>\nEl secretario de Finanzas y Administraci\u00f3n del estado reconoci\u00f3 que existen movimientos sindicales al seno de estos organismos, que reclaman mejoras salariales a pesar de la crisis financiera.<br \/>\nEn ese sentido, dijo que deben negociarse las prestaciones pendientes para cumplir las demandas de manera paulatina.<br \/>\n\u00abYo creo que la clase trabajadora reclama con justicia lo que merece. Falta ampliar los mecanismos de di\u00e1logo, hablar con ellos, llegar a acuerdos que permitan resolver estos pendientes que muchas veces son hist\u00f3ricos, son heredados y estos acumulativos no le hacen bien a la instituci\u00f3n, m\u00e1s bien la detienen, la paralizan y a veces hasta la sepultan\u00bb, expuso.<br \/>\nRecientemente el Congreso de Guerrero exhort\u00f3 al presidente de la Rep\u00fablica, Andr\u00e9s Manuel L\u00f3pez Obrador y a la CFE para que establezcan tarifas m\u00e1s bajas en el suministro el\u00e9ctrico.<br \/>\nTambi\u00e9n el alcalde de Chilpancingo, Antonio Gaspar Beltr\u00e1n, hizo un llamado al gobierno federal y a la CFE para que asignen una tarifa especial de electricidad a los organismos operadores de agua potable.<br \/>\nAl respecto, Tulio P\u00e9rez Calvo subray\u00f3 que en la mayor\u00eda de las localidades de Guerrero se registran altas temperaturas y por ello hay un consumo el\u00e9ctrico mayor en los hogares.<br \/>\nPor ello, asever\u00f3 que la CFE deber\u00eda \u00abpensar en el pueblo, en Guerrero y en una sociedad que reclama una mejor atenci\u00f3n\u00bb.<br \/>\nLa Federaci\u00f3n no contrat\u00f3 el traslado del fertilizante<br \/>\nTambi\u00e9n se le cuestion\u00f3 respecto al retraso en la distribuci\u00f3n del fertilizante gratuito a los productores de granos b\u00e1sicos por parte del gobierno federal.<br \/>\nInform\u00f3 que el gobierno del estado est\u00e1 colaborando con la federaci\u00f3n para que el insumo llegue a las comunidades.<br \/>\nP\u00e9rez Calvo explic\u00f3 que el gobierno federal no contrat\u00f3 transportaci\u00f3n para el traslado del fertilizante y por ello ser\u00e1 necesaria la colaboraci\u00f3n del gobierno del estado y los ayuntamientos.<br \/>\n\u00abParece que ante la insistencia (del gobierno federal) de cuidar el proceso de adquisici\u00f3n de los fertilizantes, no han detallado algunos elementos como el transporte. A nosotros nos cuestionaban por qu\u00e9 costaba m\u00e1s caro el fertilizante, pero es que cuando lo compr\u00e1bamos tambi\u00e9n tambi\u00e9n inclu\u00eda el flete para llevarlo hasta el lugar m\u00e1s cercano del productor. Ahora se olvidaron de esto y est\u00e1n en una dificultad de colocarlo\u00bb, expuso.<br \/>\nAdem\u00e1s advirti\u00f3 un fracaso en la depuraci\u00f3n del padr\u00f3n de beneficiarios del programa.<br \/>\nEl secretario de Finanzas y Administraci\u00f3n se\u00f1al\u00f3 que \u00abante esas dudas e indefiniciones se est\u00e1n tardando en gran medida\u00bb en entregar el fertilizante.<br \/>\nSubray\u00f3 que \u00abeste programa no resuelve el problema alimentario de Guerrero, s\u00f3lo lo apoya\u00bb y por ello \u00abes delicado, es estridente y s\u00ed causa enojo social\u00bb entre los productores de \u00abescas\u00edsimo recurso que generalmente siembran para su propio consumo\u00bb.<\/p>\n","protected":false},"excerpt":{"rendered":"<p>Deben resolver sus adeudos de manera independiente Alondra Garc\u00eda Chilpancingo, 03 de junio.- El secretario de Finanzas y Administraci\u00f3n de Guerrero, Tulio P\u00e9rez Calvo, hizo un llamado a los organismos&hellip; <\/p>\n","protected":false},"author":1,"featured_media":0,"comment_status":"closed","ping_status":"closed","sticky":false,"template":"","format":"standard","meta":{"fifu_image_url":"","fifu_image_alt":"","footnotes":""},"categories":[13,8],"tags":[],"class_list":["post-25525","post","type-post","status-publish","format-standard","hentry","category-capital","category-featured"],"_links":{"self":[{"href":"https:\/\/www.interaccionnoticias.com.mx\/index.php?rest_route=\/wp\/v2\/posts\/25525","targetHints":{"allow":["GET"]}}],"collection":[{"href":"https:\/\/www.interaccionnoticias.com.mx\/index.php?rest_route=\/wp\/v2\/posts"}],"about":[{"href":"https:\/\/www.interaccionnoticias.com.mx\/index.php?rest_route=\/wp\/v2\/types\/post"}],"author":[{"embeddable":true,"href":"https:\/\/www.interaccionnoticias.com.mx\/index.php?rest_route=\/wp\/v2\/users\/1"}],"replies":[{"embeddable":true,"href":"https:\/\/www.interaccionnoticias.com.mx\/index.php?rest_route=%2Fwp%2Fv2%2Fcomments&post=25525"}],"version-history":[{"count":0,"href":"https:\/\/www.interaccionnoticias.com.mx\/index.php?rest_route=\/wp\/v2\/posts\/25525\/revisions"}],"wp:attachment":[{"href":"https:\/\/www.interaccionnoticias.com.mx\/index.php?rest_route=%2Fwp%2Fv2%2Fmedia&parent=25525"}],"wp:term":[{"taxonomy":"category","embeddable":true,"href":"https:\/\/www.interaccionnoticias.com.mx\/index.php?rest_route=%2Fwp%2Fv2%2Fcategories&post=25525"},{"taxonomy":"post_tag","embeddable":true,"href":"https:\/\/www.interaccionnoticias.com.mx\/index.php?rest_route=%2Fwp%2Fv2%2Ftags&post=25525"}],"curies":[{"name":"wp","href":"https:\/\/api.w.org\/{rel}","templated":true}]}}