{"id":25522,"date":"2019-06-03T19:26:04","date_gmt":"2019-06-04T00:26:04","guid":{"rendered":"http:\/\/www.inter-accion.com.mx\/?p=25522"},"modified":"2019-06-03T19:26:04","modified_gmt":"2019-06-04T00:26:04","slug":"reconoce-gobernador-la-gravedad-de-lo-que-sucede-en-rincon-de-chautla","status":"publish","type":"post","link":"https:\/\/www.interaccionnoticias.com.mx\/?p=25522","title":{"rendered":"Reconoce gobernador la gravedad de lo que sucede en Rinc\u00f3n de Chautla"},"content":{"rendered":"<p><img loading=\"lazy\" decoding=\"async\" src=\"data:image\/gif;base64,R0lGODlhAQABAIAAAAAAAP\/\/\/ywAAAAAAQABAAACAUwAOw==\" fifu-lazy=\"1\" fifu-data-sizes=\"auto\" fifu-data-srcset=\"https:\/\/i3.wp.com\/www.inter-accion.com.mx\/wp-content\/uploads\/2019\/06\/4-300x169.jpg?ssl=1&w=75&resize=75&ssl=1 75w, https:\/\/i3.wp.com\/www.inter-accion.com.mx\/wp-content\/uploads\/2019\/06\/4-300x169.jpg?ssl=1&w=100&resize=100&ssl=1 100w, https:\/\/i3.wp.com\/www.inter-accion.com.mx\/wp-content\/uploads\/2019\/06\/4-300x169.jpg?ssl=1&w=150&resize=150&ssl=1 150w, https:\/\/i3.wp.com\/www.inter-accion.com.mx\/wp-content\/uploads\/2019\/06\/4-300x169.jpg?ssl=1&w=240&resize=240&ssl=1 240w, https:\/\/i3.wp.com\/www.inter-accion.com.mx\/wp-content\/uploads\/2019\/06\/4-300x169.jpg?ssl=1&w=320&resize=320&ssl=1 320w, https:\/\/i3.wp.com\/www.inter-accion.com.mx\/wp-content\/uploads\/2019\/06\/4-300x169.jpg?ssl=1&w=500&resize=500&ssl=1 500w, https:\/\/i3.wp.com\/www.inter-accion.com.mx\/wp-content\/uploads\/2019\/06\/4-300x169.jpg?ssl=1&w=640&resize=640&ssl=1 640w, https:\/\/i3.wp.com\/www.inter-accion.com.mx\/wp-content\/uploads\/2019\/06\/4-300x169.jpg?ssl=1&w=800&resize=800&ssl=1 800w, https:\/\/i3.wp.com\/www.inter-accion.com.mx\/wp-content\/uploads\/2019\/06\/4-300x169.jpg?ssl=1&w=1024&resize=1024&ssl=1 1024w, https:\/\/i3.wp.com\/www.inter-accion.com.mx\/wp-content\/uploads\/2019\/06\/4-300x169.jpg?ssl=1&w=1280&resize=1280&ssl=1 1280w, https:\/\/i3.wp.com\/www.inter-accion.com.mx\/wp-content\/uploads\/2019\/06\/4-300x169.jpg?ssl=1&w=1600&resize=1600&ssl=1 1600w\" class=\"alignnone size-medium wp-image-25523\" fifu-data-src=\"https:\/\/i3.wp.com\/www.inter-accion.com.mx\/wp-content\/uploads\/2019\/06\/4-300x169.jpg?ssl=1\" alt=\"\" width=\"300\" height=\"169\"><br \/>\n\u00b7\u201cPeces gordos meten las manos\u201d, se\u00f1ala el obispo Salvador Rangel<br \/>\nRogelio Agust\u00edn<br \/>\nEl gobernador H\u00e9ctor Astudillo Flores reconoci\u00f3 que es delicado lo que pasa en los pueblos que se ubican en el l\u00edmite de Chilapa con Hueycantenango, en la parte baja de la regi\u00f3n Monta\u00f1a.<br \/>\nEn Chilpancingo, el jefe del Ejecutivo local fue cuestionado sobre el asesinato cometido el fin de semana en contra de otros integrante de la Polic\u00eda Comunitaria, en las inmediaciones de Hueycantenango.<br \/>\nHueycantenango es la cabecera municipal de Jos\u00e9 Joaqu\u00edn de Herrera, se encuentra a poca distancia del Rinc\u00f3n de Chautla, pueblo que desde finales de 2018 se encuentra confrontado con supuestos integrantes del grupo delictivo conocido como \u201cLos Ardillos\u201d.<br \/>\nAl hablar sobre lo que ah\u00ed sucede, el mandatario estatal sostuvo: \u201cYo lo que creo es que hay que estar muy pendiente de toda esta regi\u00f3n, se ha convertido en algo de mucha tensi\u00f3n y en consecuencia, hay que estar muy pendiente\u201d.<br \/>\nDesde la semana pasada, en el acceso principal de Rinc\u00f3n de Chautla se instal\u00f3 una Base de Operaciones Mixtas (BOM), con la intenci\u00f3n de inhibir una posible incursi\u00f3n en el lugar de supuestos integrantes de \u201cLos Ardillos\u201d.<br \/>\nAntes, un grupo de elementos del Ej\u00e9rcito Mexicano se apost\u00f3 en el crucero que va hacia la comunidad de Para\u00edso Tepila, lugar en el que el 27 de enero pasado se registr\u00f3 un enfrentamiento a balazos con el saldo de 12 muertos, todos ellos supuestos integrantes de Los Ardillos.<br \/>\nLa ma\u00f1ana del domingo 2 de junio, el obispo de la Di\u00f3cesis Chilpancingo-Chilapa, Salvador Rangel Mendoza habl\u00f3 sobre el tema para reiterar que en el caso de Rinc\u00f3n de Chautla, la causa principal de la confrontaci\u00f3n el la pelea por el control de la tierra, lo que se remonta a muchos a\u00f1os atr\u00e1s.<br \/>\nPero tambi\u00e9n sugiri\u00f3 estar muy atento a lo que pasa en la zona, pues dijo que es evidente que en ese problema \u201cexisten peces gordos que est\u00e1n metiendo las manos\u201d.<br \/>\nAunque se pregunt\u00f3 quienes son esos peces gordos, el jerarca de la Iglesia cat\u00f3lica prefiri\u00f3 guardar silencio y solo respondi\u00f3 que dicha informaci\u00f3n es producto de un \u201csecreto de confesi\u00f3n\u201d.<\/p>\n","protected":false},"excerpt":{"rendered":"<p>\u00b7\u201cPeces gordos meten las manos\u201d, se\u00f1ala el obispo Salvador Rangel Rogelio Agust\u00edn El gobernador H\u00e9ctor Astudillo Flores reconoci\u00f3 que es delicado lo que pasa en los pueblos que se ubican&hellip; <\/p>\n","protected":false},"author":1,"featured_media":0,"comment_status":"closed","ping_status":"closed","sticky":false,"template":"","format":"standard","meta":{"fifu_image_url":"","fifu_image_alt":"","footnotes":""},"categories":[8,27],"tags":[],"class_list":["post-25522","post","type-post","status-publish","format-standard","hentry","category-featured","category-seguridad-publica"],"_links":{"self":[{"href":"https:\/\/www.interaccionnoticias.com.mx\/index.php?rest_route=\/wp\/v2\/posts\/25522","targetHints":{"allow":["GET"]}}],"collection":[{"href":"https:\/\/www.interaccionnoticias.com.mx\/index.php?rest_route=\/wp\/v2\/posts"}],"about":[{"href":"https:\/\/www.interaccionnoticias.com.mx\/index.php?rest_route=\/wp\/v2\/types\/post"}],"author":[{"embeddable":true,"href":"https:\/\/www.interaccionnoticias.com.mx\/index.php?rest_route=\/wp\/v2\/users\/1"}],"replies":[{"embeddable":true,"href":"https:\/\/www.interaccionnoticias.com.mx\/index.php?rest_route=%2Fwp%2Fv2%2Fcomments&post=25522"}],"version-history":[{"count":0,"href":"https:\/\/www.interaccionnoticias.com.mx\/index.php?rest_route=\/wp\/v2\/posts\/25522\/revisions"}],"wp:attachment":[{"href":"https:\/\/www.interaccionnoticias.com.mx\/index.php?rest_route=%2Fwp%2Fv2%2Fmedia&parent=25522"}],"wp:term":[{"taxonomy":"category","embeddable":true,"href":"https:\/\/www.interaccionnoticias.com.mx\/index.php?rest_route=%2Fwp%2Fv2%2Fcategories&post=25522"},{"taxonomy":"post_tag","embeddable":true,"href":"https:\/\/www.interaccionnoticias.com.mx\/index.php?rest_route=%2Fwp%2Fv2%2Ftags&post=25522"}],"curies":[{"name":"wp","href":"https:\/\/api.w.org\/{rel}","templated":true}]}}