{"id":25519,"date":"2019-06-03T18:26:25","date_gmt":"2019-06-03T23:26:25","guid":{"rendered":"http:\/\/www.inter-accion.com.mx\/?p=25519"},"modified":"2019-06-03T18:26:25","modified_gmt":"2019-06-03T23:26:25","slug":"organizaciones-campesinas-bloquearon-la-autopista-del-sol","status":"publish","type":"post","link":"https:\/\/www.interaccionnoticias.com.mx\/?p=25519","title":{"rendered":"Organizaciones campesinas bloquearon la Autopista del Sol"},"content":{"rendered":"<p><img loading=\"lazy\" decoding=\"async\" src=\"data:image\/gif;base64,R0lGODlhAQABAIAAAAAAAP\/\/\/ywAAAAAAQABAAACAUwAOw==\" fifu-lazy=\"1\" fifu-data-sizes=\"auto\" fifu-data-srcset=\"https:\/\/i2.wp.com\/www.inter-accion.com.mx\/wp-content\/uploads\/2019\/06\/3-300x200.jpg?ssl=1&w=75&resize=75&ssl=1 75w, https:\/\/i2.wp.com\/www.inter-accion.com.mx\/wp-content\/uploads\/2019\/06\/3-300x200.jpg?ssl=1&w=100&resize=100&ssl=1 100w, https:\/\/i2.wp.com\/www.inter-accion.com.mx\/wp-content\/uploads\/2019\/06\/3-300x200.jpg?ssl=1&w=150&resize=150&ssl=1 150w, https:\/\/i2.wp.com\/www.inter-accion.com.mx\/wp-content\/uploads\/2019\/06\/3-300x200.jpg?ssl=1&w=240&resize=240&ssl=1 240w, https:\/\/i2.wp.com\/www.inter-accion.com.mx\/wp-content\/uploads\/2019\/06\/3-300x200.jpg?ssl=1&w=320&resize=320&ssl=1 320w, https:\/\/i2.wp.com\/www.inter-accion.com.mx\/wp-content\/uploads\/2019\/06\/3-300x200.jpg?ssl=1&w=500&resize=500&ssl=1 500w, https:\/\/i2.wp.com\/www.inter-accion.com.mx\/wp-content\/uploads\/2019\/06\/3-300x200.jpg?ssl=1&w=640&resize=640&ssl=1 640w, https:\/\/i2.wp.com\/www.inter-accion.com.mx\/wp-content\/uploads\/2019\/06\/3-300x200.jpg?ssl=1&w=800&resize=800&ssl=1 800w, https:\/\/i2.wp.com\/www.inter-accion.com.mx\/wp-content\/uploads\/2019\/06\/3-300x200.jpg?ssl=1&w=1024&resize=1024&ssl=1 1024w, https:\/\/i2.wp.com\/www.inter-accion.com.mx\/wp-content\/uploads\/2019\/06\/3-300x200.jpg?ssl=1&w=1280&resize=1280&ssl=1 1280w, https:\/\/i2.wp.com\/www.inter-accion.com.mx\/wp-content\/uploads\/2019\/06\/3-300x200.jpg?ssl=1&w=1600&resize=1600&ssl=1 1600w\" class=\"alignnone size-medium wp-image-25520\" fifu-data-src=\"https:\/\/i2.wp.com\/www.inter-accion.com.mx\/wp-content\/uploads\/2019\/06\/3-300x200.jpg?ssl=1\" alt=\"\" width=\"300\" height=\"200\"><br \/>\n\u00b7Durante m\u00e1s de cuatro horas, exigieron la entrega de fertilizante en las siete regiones<br \/>\nRogelio Agust\u00edn<br \/>\nDurante casi cinco horas, diferentes organizaciones campesinas bloquearon la Autopista del Sol en la entrada sur de Chilpancingo, con la intenci\u00f3n de exigir al Gobierno de la Rep\u00fablica la inmediata distribuci\u00f3n del fertilizante, pues advierten que la producci\u00f3n de granos b\u00e1sicos para este a\u00f1o se encuentra en riesgo, a causa del retraso generado por el manejo burocr\u00e1tico del programa.<br \/>\nDesde las 11:00 horas del lunes 3 de junio, integrantes de la Uni\u00f3n Nacional de Trabajadores Agr\u00edcola (UNTA), Antorcha Campesina (AC), la Central Campesina Independiente (CCI) y el Encuentro Campesino de Organizaciones (ECO), entre otras se apostaron en las inmediaciones del parador del Marqu\u00e9s, en la entrada sur de la capital del estado.<br \/>\nCon mantas y pancartas, dirigieron mensajes al presidente de la Rep\u00fablica, Andr\u00e9s Manuel L\u00f3pez Obrador y al titular de la Secretar\u00eda de Desarrollo Rural (SADER), V\u00edctor Manuel Villalobos, en ellos piden que no se destruya la producci\u00f3n agr\u00edcola de este a\u00f1o, pues el retraso en la distribuci\u00f3n del insumo es ya muy evidente.<br \/>\nLos representantes del bloque de organizaciones manifestaron que hay mucha desesperaci\u00f3n entre los productores de granos b\u00e1sicos de las siete regiones, lo que se confirma con la retenci\u00f3n de elementos del Ej\u00e9rcito Mexicano en Puerto del Gallo, municipio de Heliodoro Castillo el fin de semana pasado.<br \/>\nSostienen que si el insumo no llega cuanto antes, la producci\u00f3n de ma\u00edz se ver\u00e1 mermada en una gran proporci\u00f3n, por lo que ser\u00e1 muy probable que el precio de la tortilla se incremente.<br \/>\nLa carretera permaneci\u00f3 cerrada hasta despu\u00e9s de las 15:30 horas, aunque por espacios de 20 minutos, los manifestantes aceptaban liberar parcialmente la circulaci\u00f3n, para que se sofocara un poco la inconformidad que la protesta gener\u00f3 en los automovilistas.<br \/>\nEn ese tiempo establecieron comunicaci\u00f3n con funcionarios de la administraci\u00f3n estatal, adem\u00e1s de enviados de la administraci\u00f3n federal, aunque el reclamo de los productores era dialogar directamente con el coordinador de delegados federales, Pablo Amilcar Sandoval Ballesteros, para hacerle ver las consecuencias del manejo burocr\u00e1tico del programa.<br \/>\nAlrededor de las 15:20 horas, las organizaciones decidieron retirarse del Parador del Marqu\u00e9s, luego de que se les ofreciera una reuni\u00f3n con el gobernador H\u00e9ctor Astudillo Flores y su Secretario de Desarrollo Rural, Juan Jos\u00e9 Castro Justo.<br \/>\ncometieron en el proceso de organizaci\u00f3n.<br \/>\nDesde las 15:40 horas, la circulaci\u00f3n de los veh\u00edculos est\u00e1 normalizada en la Autopista del Sol.<br \/>\nSin embargo Jos\u00e9 Juan Bautista, representante de Antorcha Campesina manifest\u00f3 que la de este lunes no ser\u00e1 la \u00fanica protesta por parte de los trabajadores del campo, pues es la \u00fanica opci\u00f3n que les queda para llamar la atenci\u00f3n de las autoridades.<\/p>\n","protected":false},"excerpt":{"rendered":"<p>\u00b7Durante m\u00e1s de cuatro horas, exigieron la entrega de fertilizante en las siete regiones Rogelio Agust\u00edn Durante casi cinco horas, diferentes organizaciones campesinas bloquearon la Autopista del Sol en la&hellip; <\/p>\n","protected":false},"author":1,"featured_media":0,"comment_status":"closed","ping_status":"closed","sticky":false,"template":"","format":"standard","meta":{"fifu_image_url":"","fifu_image_alt":"","footnotes":""},"categories":[8,15],"tags":[],"class_list":["post-25519","post","type-post","status-publish","format-standard","hentry","category-featured","category-movimientos-sociales"],"_links":{"self":[{"href":"https:\/\/www.interaccionnoticias.com.mx\/index.php?rest_route=\/wp\/v2\/posts\/25519","targetHints":{"allow":["GET"]}}],"collection":[{"href":"https:\/\/www.interaccionnoticias.com.mx\/index.php?rest_route=\/wp\/v2\/posts"}],"about":[{"href":"https:\/\/www.interaccionnoticias.com.mx\/index.php?rest_route=\/wp\/v2\/types\/post"}],"author":[{"embeddable":true,"href":"https:\/\/www.interaccionnoticias.com.mx\/index.php?rest_route=\/wp\/v2\/users\/1"}],"replies":[{"embeddable":true,"href":"https:\/\/www.interaccionnoticias.com.mx\/index.php?rest_route=%2Fwp%2Fv2%2Fcomments&post=25519"}],"version-history":[{"count":0,"href":"https:\/\/www.interaccionnoticias.com.mx\/index.php?rest_route=\/wp\/v2\/posts\/25519\/revisions"}],"wp:attachment":[{"href":"https:\/\/www.interaccionnoticias.com.mx\/index.php?rest_route=%2Fwp%2Fv2%2Fmedia&parent=25519"}],"wp:term":[{"taxonomy":"category","embeddable":true,"href":"https:\/\/www.interaccionnoticias.com.mx\/index.php?rest_route=%2Fwp%2Fv2%2Fcategories&post=25519"},{"taxonomy":"post_tag","embeddable":true,"href":"https:\/\/www.interaccionnoticias.com.mx\/index.php?rest_route=%2Fwp%2Fv2%2Ftags&post=25519"}],"curies":[{"name":"wp","href":"https:\/\/api.w.org\/{rel}","templated":true}]}}